{"id":493054,"date":"2025-10-27T11:48:18","date_gmt":"2025-10-27T11:48:18","guid":{"rendered":"https:\/\/www.europesays.com\/fr\/493054\/"},"modified":"2025-10-27T11:48:18","modified_gmt":"2025-10-27T11:48:18","slug":"je-ne-me-sens-plus-legitime","status":"publish","type":"post","link":"https:\/\/www.europesays.com\/fr\/493054\/","title":{"rendered":"Je ne me sens plus l\u00e9gitime"},"content":{"rendered":"<p>            Par<br \/>\n        <strong><br \/>\n            <a href=\"https:\/\/actu.fr\/auteur\/julien-sournies\" title=\"Consulter tous les articles de Julien Sournies\" rel=\"nofollow noopener\" target=\"_blank\">Julien Sournies<\/a><br \/>\n        <\/strong><\/p>\n<p>        Publi\u00e9 le<\/p>\n<p>            27 oct. 2025 \u00e0 11h27        <\/p>\n<p>\u00ab\u2009C\u2019est avec de sinc\u00e8res regrets que je me vois dans l\u2019obligation de vous remettre, par cette publication, ma d\u00e9cision de <strong>d\u00e9missionner<\/strong> de mon poste de maire\u2009\u00bb. \u00c0 moins de six mois des prochaines \u00e9lections municipales en mars\u00a02026, Patrice Ferrouillat, maire de la petite commune de Cognin-les-Gorges (<a href=\"https:\/\/actu.fr\/auvergne-rhone-alpes\/isere_38\" rel=\"nofollow noopener\" target=\"_blank\">Is\u00e8re<\/a>), pr\u00e8s de <a href=\"https:\/\/actu.fr\/grenoble\/\" rel=\"nofollow noopener\" target=\"_blank\">Grenoble<\/a>, a finalement d\u00e9cid\u00e9 de jeter l\u2019\u00e9ponge avant le terme de son mandat.<br \/>Dans un communiqu\u00e9, l\u2019ex premier-\u00e9dile indique avoir pris \u00ab\u2009cette d\u00e9cision lourde de sens\u2009\u00bb \u00e0 l\u2019issue d\u2019un dernier conseil municipal qui ne s\u2019est pas pass\u00e9 comme pr\u00e9vu.<\/p>\n<p>Un vote qui ne \u00ab\u2009prend pas en compte l\u2019int\u00e9r\u00eat g\u00e9n\u00e9ral de notre village\u2009\u00bb<\/p>\n<p class=\" wall-content\">Dans le d\u00e9tail, celui qui \u00e9tait en poste depuis 2014 explique avoir \u00e9t\u00e9 \u00ab\u2009d\u00e9savou\u00e9\u2009\u00bb par son propre conseil municipal au moment de faire valider l\u2019affermissement de la tranche optionnelle des<strong> travaux d\u2019am\u00e9nagement de la place \u00e9cole\/mairie<\/strong> dans le cadre du r\u00e9am\u00e9nagement du centre bourg.<\/p>\n<p class=\" wall-content\">\u00ab\u2009Les membres du conseil municipal, les m\u00eames qui avaient vot\u00e9 \u00e0 l\u2019unanimit\u00e9 toutes les demandes de financement, ont vot\u00e9 \u00e0 5\u00a0voix pour, 6\u00a0voix contre, ma proposition d\u2019affermissement de ce march\u00e9, et la finalisation de l\u2019am\u00e9nagement de la place \u00e9cole\/mairie\u2009\u00bb, regrette-t-il.<\/p>\n<p class=\" wall-content\">Selon lui, il est clair que le vote du conseil municipal ne \u00ab\u2009prend pas en compte l<strong>\u2019int\u00e9r\u00eat g\u00e9n\u00e9ral<\/strong> de notre village\u2009\u00bb.<\/p>\n<blockquote class=\"ac-article-quote wall-content\">\n<p>Cette d\u00e9cision laisse la place \u00e9cole\/mairie, espace majeur de notre c\u0153ur de village dans un \u00e9tat qui ne correspond plus aux besoins r\u00e9glementaires du lieu, ni \u00e0 ses usages.<\/p>\n<p>    <strong>Patrice Ferrouillat<\/strong><br \/>\n        Maire d\u00e9missionnaire de Cognin-les-Gorges    <\/p><\/blockquote>\n<p>\u00ab\u2009Je ne me sens plus en capacit\u00e9 et en l\u00e9gitimit\u00e9 de rester \u00e0 la t\u00eate de l\u2019ex\u00e9cutif\u2009\u00bb<\/p>\n<p class=\" wall-content\">Et ce dernier de poursuivre\u2009: \u00ab\u00a0Ce sont pour ces raisons de forme et de fond que j\u2019ai pris cette d\u00e9cision lourde de sens de d\u00e9missionner. Dans ces conditions, je ne me sens plus en <strong>capacit\u00e9<\/strong> et en <strong>l\u00e9gitimit\u00e9<\/strong> de rester \u00e0 la t\u00eate de l\u2019ex\u00e9cutif de la commune de Cognin les Gorges.<\/p>\n<blockquote class=\"ac-article-quote wall-content\">\n<p>Au regard \u00e9galement de l\u2019\u00e9nergie personnelle que j\u2019ai mis au service de la r\u00e9alisation de ce projet, au regard des engagements pris au nom de la collectivit\u00e9 aupr\u00e8s de tous les acteurs de ce projet, je ne peux pas assumer une d\u00e9cision que je n\u2019ai pas port\u00e9e.<\/p>\n<p>    <strong>Patrice Ferrouillat<\/strong><br \/>\n        Maire d\u00e9missionnaire de Cognin-les-Gorges    <\/p><\/blockquote>\n<p>Votre r\u00e9gion, votre actu !<\/p>\n<p>Recevez chaque jour les infos qui comptent pour vous.<\/p>\n<p>\t<a href=\"https:\/\/actu.fr\/newsletter\" class=\"ac-btn ac-btn--corner ac-btn--medium ac-btn--blue800\" rel=\"nofollow noopener\" target=\"_blank\">S&rsquo;incrire<\/a><\/p>\n<p class=\" wall-content\">En d\u00e9pit de sa demande de d\u00e9mission, qui doit encore \u00eatre valid\u00e9e par la pr\u00e9f\u00e8te, Patrice Ferrouillat annonce qu\u2019il restera n\u00e9anmoins conseiller municipal et conseiller communautaire de Saint Marcellin Vercors Is\u00e8re Communaut\u00e9 jusqu\u2019\u00e0 la fin de son mandat.<\/p>\n<p class=\" wall-content\">Personnalisez votre actualit\u00e9 en ajoutant vos villes et m\u00e9dias en favori avec <a href=\"https:\/\/moncompte.actu.fr\" title=\"D\u00e9couvez Mon Actu\" rel=\"nofollow noopener\" data-trk=\"{&quot;cta&quot;:{&quot;action&quot;:&quot;https:\\\/\\\/moncompte.actu.fr&quot;,&quot;category&quot;:&quot;mon compte&quot;,&quot;from&quot;:&quot;article footer&quot;,&quot;name&quot;:&quot;Mon actu&quot;,&quot;type&quot;:&quot;cta&quot;}}\" target=\"_blank\">Mon Actu<\/a>.<\/p>\n","protected":false},"excerpt":{"rendered":"Par Julien Sournies Publi\u00e9 le 27 oct. 2025 \u00e0 11h27 \u00ab\u2009C\u2019est avec de sinc\u00e8res regrets que je me&hellip;\n","protected":false},"author":2,"featured_media":493055,"comment_status":"","ping_status":"","sticky":false,"template":"","format":"standard","meta":{"footnotes":""},"categories":[9566],"tags":[1111,11,2430,4188,1777,674,1011,27,2731,3434,12,316,25],"class_list":{"0":"post-493054","1":"post","2":"type-post","3":"status-publish","4":"format-standard","5":"has-post-thumbnail","7":"category-grenoble","8":"tag-actu","9":"tag-actualites","10":"tag-auvergne-rhone-alpes","11":"tag-elections-municipales","12":"tag-eu","13":"tag-europe","14":"tag-fr","15":"tag-france","16":"tag-grenoble","17":"tag-municipales-2026","18":"tag-news","19":"tag-politique","20":"tag-republique-francaise"},"share_on_mastodon":{"url":"https:\/\/pubeurope.com\/@fr\/115445976732113148","error":""},"_links":{"self":[{"href":"https:\/\/www.europesays.com\/fr\/wp-json\/wp\/v2\/posts\/493054","targetHints":{"allow":["GET"]}}],"collection":[{"href":"https:\/\/www.europesays.com\/fr\/wp-json\/wp\/v2\/posts"}],"about":[{"href":"https:\/\/www.europesays.com\/fr\/wp-json\/wp\/v2\/types\/post"}],"author":[{"embeddable":true,"href":"https:\/\/www.europesays.com\/fr\/wp-json\/wp\/v2\/users\/2"}],"replies":[{"embeddable":true,"href":"https:\/\/www.europesays.com\/fr\/wp-json\/wp\/v2\/comments?post=493054"}],"version-history":[{"count":0,"href":"https:\/\/www.europesays.com\/fr\/wp-json\/wp\/v2\/posts\/493054\/revisions"}],"wp:featuredmedia":[{"embeddable":true,"href":"https:\/\/www.europesays.com\/fr\/wp-json\/wp\/v2\/media\/493055"}],"wp:attachment":[{"href":"https:\/\/www.europesays.com\/fr\/wp-json\/wp\/v2\/media?parent=493054"}],"wp:term":[{"taxonomy":"category","embeddable":true,"href":"https:\/\/www.europesays.com\/fr\/wp-json\/wp\/v2\/categories?post=493054"},{"taxonomy":"post_tag","embeddable":true,"href":"https:\/\/www.europesays.com\/fr\/wp-json\/wp\/v2\/tags?post=493054"}],"curies":[{"name":"wp","href":"https:\/\/api.w.org\/{rel}","templated":true}]}}