{"id":493056,"date":"2025-10-27T11:49:11","date_gmt":"2025-10-27T11:49:11","guid":{"rendered":"https:\/\/www.europesays.com\/fr\/493056\/"},"modified":"2025-10-27T11:49:11","modified_gmt":"2025-10-27T11:49:11","slug":"nouvelle-boulangerie-a-rennes-ou-va-ouvrir-cette-enseigne-tres-connue","status":"publish","type":"post","link":"https:\/\/www.europesays.com\/fr\/493056\/","title":{"rendered":"Nouvelle boulangerie \u00e0 Rennes\u00a0: o\u00f9 va ouvrir cette enseigne tr\u00e8s connue\u00a0?"},"content":{"rendered":"<p>Pour les amateurs de pain frais et de viennoiseries qui sortent du four, une nouvelle boulangerie ouvre ses portes \u00e0 Rennes. Apr\u00e8s les franchises Ange ou Maison Becam, <a href=\"https:\/\/www.letelegramme.fr\/bretagne\/a-la-recherche-dun-patissier-ils-trouvent-le-candidat-ideal-mais-perdent-ses-coordonnees-6740865.php\" target=\"_blank\" rel=\"nofollow noopener\">c\u2019est Feuillette<\/a> qui s\u2019est install\u00e9e au 204 route de Lorient. Les nouveaux franchis\u00e9s ont transform\u00e9 totalement les 400 m2 de l\u2019ancien restaurant Courtepaille.<\/p>\n<p>Une deuxi\u00e8me enseigne en Ille-et-Vilaine<\/p>\n<p>Apr\u00e8s plusieurs mois de travaux qui ont d\u00e9but\u00e9 cet \u00e9t\u00e9, l\u2019enseigne va donc pouvoir ouvrir ses portes. Avec cet emplacement, la Boulangerie va b\u00e9n\u00e9ficier du flux important de personnes sur cet axe majeur de Rennes, situ\u00e9 \u00e0 proximit\u00e9 <a href=\"https:\/\/www.letelegramme.fr\/ille-et-vilaine\/rennes-35000\/restaurants-magasins-entreprises-a-rennes-cette-ancienne-zone-industrielle-poursuit-sa-transformation-en-images-6831164.php\" target=\"_blank\" rel=\"nofollow noopener\">du parc d\u2019activit\u00e9s des Chevrons<\/a> et du Roazhon Park.<\/p>\n","protected":false},"excerpt":{"rendered":"Pour les amateurs de pain frais et de viennoiseries qui sortent du four, une nouvelle boulangerie ouvre ses&hellip;\n","protected":false},"author":2,"featured_media":493057,"comment_status":"","ping_status":"","sticky":false,"template":"","format":"standard","meta":{"footnotes":""},"categories":[2821],"tags":[1111,11,829,2033,1777,674,1011,27,848,12,584,25],"class_list":{"0":"post-493056","1":"post","2":"type-post","3":"status-publish","4":"format-standard","5":"has-post-thumbnail","7":"category-rennes","8":"tag-actu","9":"tag-actualites","10":"tag-bretagne","11":"tag-commerces-a-rennes","12":"tag-eu","13":"tag-europe","14":"tag-fr","15":"tag-france","16":"tag-ille-et-vilaine","17":"tag-news","18":"tag-rennes","19":"tag-republique-francaise"},"share_on_mastodon":{"url":"https:\/\/pubeurope.com\/@fr\/115445980466455348","error":""},"_links":{"self":[{"href":"https:\/\/www.europesays.com\/fr\/wp-json\/wp\/v2\/posts\/493056","targetHints":{"allow":["GET"]}}],"collection":[{"href":"https:\/\/www.europesays.com\/fr\/wp-json\/wp\/v2\/posts"}],"about":[{"href":"https:\/\/www.europesays.com\/fr\/wp-json\/wp\/v2\/types\/post"}],"author":[{"embeddable":true,"href":"https:\/\/www.europesays.com\/fr\/wp-json\/wp\/v2\/users\/2"}],"replies":[{"embeddable":true,"href":"https:\/\/www.europesays.com\/fr\/wp-json\/wp\/v2\/comments?post=493056"}],"version-history":[{"count":0,"href":"https:\/\/www.europesays.com\/fr\/wp-json\/wp\/v2\/posts\/493056\/revisions"}],"wp:featuredmedia":[{"embeddable":true,"href":"https:\/\/www.europesays.com\/fr\/wp-json\/wp\/v2\/media\/493057"}],"wp:attachment":[{"href":"https:\/\/www.europesays.com\/fr\/wp-json\/wp\/v2\/media?parent=493056"}],"wp:term":[{"taxonomy":"category","embeddable":true,"href":"https:\/\/www.europesays.com\/fr\/wp-json\/wp\/v2\/categories?post=493056"},{"taxonomy":"post_tag","embeddable":true,"href":"https:\/\/www.europesays.com\/fr\/wp-json\/wp\/v2\/tags?post=493056"}],"curies":[{"name":"wp","href":"https:\/\/api.w.org\/{rel}","templated":true}]}}