{"id":493074,"date":"2025-10-27T11:58:15","date_gmt":"2025-10-27T11:58:15","guid":{"rendered":"https:\/\/www.europesays.com\/fr\/493074\/"},"modified":"2025-10-27T11:58:15","modified_gmt":"2025-10-27T11:58:15","slug":"luniversite-de-bordeaux-ancre-linterdisciplinarite-au-plus-pres-des-territoires-linterview-de-dean-lewis","status":"publish","type":"post","link":"https:\/\/www.europesays.com\/fr\/493074\/","title":{"rendered":"L\u2019Universit\u00e9 de Bordeaux ancre l\u2019interdisciplinarit\u00e9 au plus pr\u00e8s des territoires \u2013 L\u2019interview de Dean Lewis"},"content":{"rendered":"<p class=\"itiChapeau\">Entre ancrage territorial et rayonnement international, l\u2019Universit\u00e9 de Bordeaux met sa pluridisciplinarit\u00e9 et la puissance de sa recherche au service du plus grand nombre. Son pr\u00e9sident, Dean Lewis, nous en dit plus.<\/p>\n<p><img fetchpriority=\"high\" decoding=\"async\" width=\"650\" height=\"910\" src=\"data:image\/svg+xml,%3Csvg%20xmlns=\" http:=\"\" alt=\"interview Dean Lewis Universit\u00e9 de Bordeaux\" class=\"wp-image-189709\" style=\"width:253px;height:auto\" data-lazy- data-lazy- data-lazy-src=\"https:\/\/www.europesays.com\/fr\/wp-content\/uploads\/2025\/10\/Universite_Bordeaux_012022_photo_Arthur_Pequin_M5A4672-650x910.jpg\"\/>\u00a9 Arthur Pequin<\/p>\n<p>Ses composantes de formation, regroup\u00e9es en quatre coll\u00e8ges, couvrent pratiquement tous les domaines du savoir\u00a0: Droit, science politique \u00e9conomie et gestion, Sciences de la sant\u00e9, Sciences de l\u2019Homme et Sciences et technologies. Cette pluridisciplinarit\u00e9 s\u2019illustre \u00e9galement \u00e0 travers ses\u00a0<a href=\"https:\/\/www.u-bordeaux.fr\/universite\/organisation-et-fonctionnement\/composantes-de-formation\/college-ecoles-doctorales\" target=\"_blank\" rel=\"noreferrer noopener\">huit \u00e9coles doctorales<\/a> et ses\u00a0<a href=\"https:\/\/www.u-bordeaux.fr\/recherche\/structures-de-recherche\/departements-de-recherche\" target=\"_blank\" rel=\"noreferrer noopener\">11 d\u00e9partements de recherche<\/a> (90 laboratoires, instituts et plateaux techniques dans pr\u00e8s de 50 disciplines). Elle accueille aussi trois instituts\u00a0porteurs d\u2019enjeux sp\u00e9cifiques : l\u2019IUT de Bordeaux, <a href=\"https:\/\/www.isvv.u-bordeaux.fr\/fr\/\" target=\"_blank\" rel=\"noreferrer noopener\">l\u2019institut des sciences de la vigne et du vin <\/a>et\u00a0<a href=\"https:\/\/www.inspe-bordeaux.fr\/\" target=\"_blank\" rel=\"noreferrer noopener\">l\u2019institut national sup\u00e9rieur du professorat et de l\u2019\u00e9ducation<\/a>.<\/p>\n<p>Sans oublier la recherche\u00a0!<\/p>\n<p>27\u00a0000 publications scientifiques ont \u00e9t\u00e9 r\u00e9alis\u00e9es entre 2015 et 2020 par l\u2019Universit\u00e9 de Bordeaux, grande universit\u00e9 de recherche intensive. 18 % d\u2019entre elles sont class\u00e9es dans le Top 10 % des publications les plus cit\u00e9es du monde.<\/p>\n<p>L\u2019Universit\u00e9 mise \u00e9galement sur la territorialisation de son offre de formation\u00a0?<\/p>\n<p>L\u2019acc\u00e8s de l\u2019enseignement sup\u00e9rieur au plus grand nombre compte effectivement parmi nos priorit\u00e9s. Nous constatons dans notre r\u00e9gion l\u2019existence de barri\u00e8res (psychologiques, sociales, soci\u00e9tales) qui entrainent un taux de poursuite en \u00e9tudes sup\u00e9rieures inf\u00e9rieur \u00e0 la moyenne nationale. Alors m\u00eame que le taux de r\u00e9ussite au bac y est plut\u00f4t sup\u00e9rieur. Nos campus ancr\u00e9s dans la r\u00e9gion bordelaise (Bordeaux, Agen, P\u00e9rigueux, Pau, Bayonne, Mont-de-Marsan et Dax) permettent un acc\u00e8s facilit\u00e9 et de qualit\u00e9 aux\u00a0\u00e9tudes sup\u00e9rieures\u00a0(y compris en sant\u00e9 gr\u00e2ce \u00e0 des parcours d\u2019acc\u00e8s sp\u00e9cifiques) \u00e0 tous les \u00e9tudiants de ces territoires. Par ailleurs, le d\u00e9veloppement r\u00e9cent de\u00a0campus connect\u00e9s\u00a0implant\u00e9s dans des\u00a0villes moyennes\u00a0(Bergerac, P\u00e9rigueux, Mont-de-Marsan, Sainte-Foy-la-Grande, Saint Macaire et Villeneuve-sur-Lot) renforce l\u2019ancrage de l\u2019Universit\u00e9 sur les territoires, aux c\u00f4t\u00e9s des collectivit\u00e9s territoriales. De fait, ces implantations nous permettent de conserver un maillage territorial fort et essentiel sur des fili\u00e8res comme le droit et la sant\u00e9. Nous sommes ainsi une des rares universit\u00e9s \u00e0 proposer une premi\u00e8re ann\u00e9e de sant\u00e9 sur plusieurs campus. Parall\u00e8lement, ce maillage nous permet de r\u00e9pondre aux besoins sp\u00e9cifiques des fili\u00e8res socio\u00e9conomiques locales.<\/p>\n<p>Une universit\u00e9 en bonne sant\u00e9<\/p>\n<p>L\u2019Universit\u00e9 de Bordeaux est la seule universit\u00e9 hors Ile-de-France \u00e0 disposer de deux instituts hospitalo-universitaires. Apr\u00e8s le Liryc (Institut de RYthmologie et mod\u00e9lisation Cardiaque), elle s\u2019est en effet dot\u00e9e en janvier 2024 du Vascular Brain Health Institute, pour mener une recherche de tr\u00e8s haut niveau sur les maladies c\u00e9r\u00e9brales. Ses objectifs\u00a0? La pr\u00e9vention\u00a0des accidents vasculaires c\u00e9r\u00e9braux (gr\u00e2ce \u00e0 l\u2019appui de l\u2019IA dans l\u2019imagerie notamment), les soins des malades (via de nouvelles approches th\u00e9rapeutiques), la lutte contre les disparit\u00e9s\u00a0nationales et mondiales de prise en charge des probl\u00e8mes de sant\u00e9 vasculaire c\u00e9r\u00e9brale, et le d\u00e9veloppement des offres de formation. Rappelons que les AVC repr\u00e9sentent la deuxi\u00e8me cause de mortalit\u00e9 dans le monde, la premi\u00e8re cause de d\u00e9c\u00e8s chez les femmes en France, et qu\u2019ils touchent 100 millions de personnes dans le monde.<\/p>\n<p>Un ancrage territorial qui n\u2019emp\u00eache pas le rayonnement international\u00a0de l\u2019Universit\u00e9 ?<\/p>\n<p>Absolument. Nous avons nou\u00e9 des partenariats avec pr\u00e8s de 700 \u00e9tablissements dans le monde, ainsi que 2\u00a0000 accords Erasmus avec plus de 500 partenaires europ\u00e9ens. L\u2019Universit\u00e9 est aussi engag\u00e9e dans <a href=\"https:\/\/www.u-bordeaux.fr\/International\/ambition-internationale\/enlight-et-enlight-rise-renforcer-lalliance-universitaire-europeenne\" target=\"_blank\" rel=\"noopener\">l\u2019alliance ENLIGHT<\/a>. Une universit\u00e9 europ\u00e9enne qu\u2019elle construit, en partage de valeurs, avec les\u00a0universit\u00e9s Gand (Belgique), G\u00f6ttingen (Allemagne), Tartu (Estonie), Pays basque (Espagne), Galway (Irlande), Groningen (Pays-Bas), Uppsala (Su\u00e8de), Comenius Bratislava (Slovaquie) et Berne (Suisse). Des partenariats qui ouvrent l\u2019ensemble de nos \u00e9tudiants (qu\u2019ils \u00e9tudient \u00e0 Bordeaux ou sur nos autres campus), \u00e0 un tr\u00e8s grand nombre d\u2019opportunit\u00e9s dans le monde.<\/p>\n","protected":false},"excerpt":{"rendered":"Entre ancrage territorial et rayonnement international, l\u2019Universit\u00e9 de Bordeaux met sa pluridisciplinarit\u00e9 et la puissance de sa recherche&hellip;\n","protected":false},"author":2,"featured_media":493075,"comment_status":"","ping_status":"","sticky":false,"template":"","format":"standard","meta":{"footnotes":""},"categories":[2817],"tags":[1111,11,1997,61595,1777,674,1011,27,12,2219,25,61596],"class_list":{"0":"post-493074","1":"post","2":"type-post","3":"status-publish","4":"format-standard","5":"has-post-thumbnail","7":"category-bordeaux","8":"tag-actu","9":"tag-actualites","10":"tag-bordeaux","11":"tag-directeur-decole","12":"tag-eu","13":"tag-europe","14":"tag-fr","15":"tag-france","16":"tag-news","17":"tag-nouvelle-aquitaine","18":"tag-republique-francaise","19":"tag-universites-en-region"},"share_on_mastodon":{"url":"https:\/\/pubeurope.com\/@fr\/115446015852527484","error":""},"_links":{"self":[{"href":"https:\/\/www.europesays.com\/fr\/wp-json\/wp\/v2\/posts\/493074","targetHints":{"allow":["GET"]}}],"collection":[{"href":"https:\/\/www.europesays.com\/fr\/wp-json\/wp\/v2\/posts"}],"about":[{"href":"https:\/\/www.europesays.com\/fr\/wp-json\/wp\/v2\/types\/post"}],"author":[{"embeddable":true,"href":"https:\/\/www.europesays.com\/fr\/wp-json\/wp\/v2\/users\/2"}],"replies":[{"embeddable":true,"href":"https:\/\/www.europesays.com\/fr\/wp-json\/wp\/v2\/comments?post=493074"}],"version-history":[{"count":0,"href":"https:\/\/www.europesays.com\/fr\/wp-json\/wp\/v2\/posts\/493074\/revisions"}],"wp:featuredmedia":[{"embeddable":true,"href":"https:\/\/www.europesays.com\/fr\/wp-json\/wp\/v2\/media\/493075"}],"wp:attachment":[{"href":"https:\/\/www.europesays.com\/fr\/wp-json\/wp\/v2\/media?parent=493074"}],"wp:term":[{"taxonomy":"category","embeddable":true,"href":"https:\/\/www.europesays.com\/fr\/wp-json\/wp\/v2\/categories?post=493074"},{"taxonomy":"post_tag","embeddable":true,"href":"https:\/\/www.europesays.com\/fr\/wp-json\/wp\/v2\/tags?post=493074"}],"curies":[{"name":"wp","href":"https:\/\/api.w.org\/{rel}","templated":true}]}}