{"id":493082,"date":"2025-10-27T12:02:13","date_gmt":"2025-10-27T12:02:13","guid":{"rendered":"https:\/\/www.europesays.com\/fr\/493082\/"},"modified":"2025-10-27T12:02:13","modified_gmt":"2025-10-27T12:02:13","slug":"ligue-1-lille-fc-metz-les-chiffres-de-la-rencontre","status":"publish","type":"post","link":"https:\/\/www.europesays.com\/fr\/493082\/","title":{"rendered":"Ligue 1. Lille &#8211; FC Metz\u00a0: les chiffres de la rencontre"},"content":{"rendered":"<p class=\"insetTitle\">\u00c0 savoir \u00e9galement<\/p>\n<p>\u27a4\u00a0<strong>Lille<\/strong> a d\u00e9croch\u00e9 sa plus large victoire \u00e0 domicile en Ligue 1 depuis le 18 mai 2019 (5-0 contre Angers). Le LOSC compte deux succ\u00e8s par cinq buts d\u2019\u00e9cart en 2025-2026 (apr\u00e8s celui 7-1 \u00e0 Lorient), \u00e9tant la deuxi\u00e8me \u00e9quipe du Top 5 europ\u00e9en \u00e0 r\u00e9aliser cette performance avec le Bayern Munich (victoires 6-0 v Leipzig, 5-0 v Hambourg en Bundesliga).<\/p>\n<p>\u27a4\u00a0<strong>Lille<\/strong> affiche 17 points apr\u00e8s ses neuf premiers matches de Ligue 1 2025-2026, soit exactement le m\u00eame bilan que la saison derni\u00e8re \u00e0 ce stade (5 victoires, 2 nuls, 2 d\u00e9faites). Au XXIe\u00a0si\u00e8cle, le LOSC a toujours termin\u00e9 dans le Top 5 en fin d\u2019exercice lorsqu\u2019il comptait au moins cinq succ\u00e8s apr\u00e8s neuf rencontres (6 pr\u00e9c\u00e9dents).<\/p>\n<p>\u27a4\u00a0Le <strong>FC Metz\u00a0<\/strong>ne compte que deux points apr\u00e8s ses neuf premiers matches de Ligue 1 2025-2026 (2 nuls, 7 d\u00e9faites), son plus faible total \u00e0 ce stade en 65 saisons dans l\u2019\u00e9lite. Aucune \u00e9quipe n\u2019avait engrang\u00e9 aussi peu de points apr\u00e8s neuf rencontres de L1 depuis Arles-Avignon en 2010-2011 (1) \u2013 20e en fin de championnat). Par ailleurs, les Grenats ont d\u00e9sormais encaiss\u00e9 26 buts en Ligue 1 cette saison, n&rsquo;en ayant conc\u00e9d\u00e9 plus \u00e0 ce stade d&rsquo;un exercice dans l&rsquo;\u00e9lite que deux fois : 27 en 1948-1949 et 32 en 1949-1950.<\/p>\n<p>\u27a4\u00a0Le<strong> FC Metz<\/strong> n\u2019a remport\u00e9 aucun de ses neuf premiers matches de Ligue 1 2025-2026, devenant le 13e promu \u00e0 afficher tel bilan \u00e0 ce stade. Seuls le FC Nancy en 1960-1961 et Monaco en 1973-1974 ont \u00e9vit\u00e9 la rel\u00e9gation dans ce cas de figure.<\/p>\n<p>\u27a4\u00a0<strong>Lille<\/strong> a remport\u00e9 son 80e match de Ligue 1 face \u00e0 une \u00e9quipe promue au XXIe si\u00e8cle (34 nuls, 24 d\u00e9faites), \u00e9tant la troisi\u00e8me formation \u00e0 atteindre ce cap sur la p\u00e9riode apr\u00e8s Lyon (94) et le PSG (88). Le LOSC a d\u2019ailleurs gagn\u00e9 ses 14 derni\u00e8res r\u00e9ceptions de ce type d\u2019adversaire dans l\u2019\u00e9lite, plus longue s\u00e9rie en cours dans la division, seul le PSG, entre mars 2015 et septembre 2021, ayant fait mieux au XXIe si\u00e8cle (16).<\/p>\n<p>\u27a4\u00a0Lille compte 12 buts dans le dernier quart d\u2019heure en Ligue 1 cette saison, plus haut total dans le Top 5 europ\u00e9en. Sur l\u2019ensemble de la saison pass\u00e9e, seule la moiti\u00e9 des \u00e9quipes de L1 \u00e9tait parvenue \u00e0 marquer au moins autant de buts dans ce laps de temps (9\/18).<\/p>\n<p>\u27a4\u00a0<strong>Lille<\/strong> a marqu\u00e9 15 buts \u00e0 la suite d\u2019une erreur adverse depuis le d\u00e9but de la saison 2024-2025 en Ligue 1, au moins deux de plus que toute autre \u00e9quipe sur la p\u00e9riode (13 pour Marseille et Strasbourg). <strong>Pape Sy<\/strong> (Metz) est d\u2019ailleurs le premier gardien \u00e0 en commettre une pour ses d\u00e9buts en L1 depuis Alaa Bellaarouch avec Strasbourg contre le PSG le 2 f\u00e9vrier 2024.<\/p>\n<p>\u27a4\u00a0<strong>Hamza Igamane<\/strong> a marqu\u00e9 lors de trois matches de suite toutes comp\u00e9titions confondues, r\u00e9alisant cette performance pour la deuxi\u00e8me fois dans un club europ\u00e9en apr\u00e8s d\u00e9cembre 2024 avec les Glasgow Rangers (3 \u00e9galement). Seuls Joaqu\u00edn Panichelli et Mason Greenwood (8) ont plus trouv\u00e9 le chemin des filets TCC cette saison avec un club fran\u00e7ais que l\u2019attaquant de Lille (7).<\/p>\n<p>\u27a4\u00a0<strong>F\u00e9lix Correia<\/strong> a inscrit ses premiers buts avec Lille toutes comp\u00e9titions confondues ainsi que sa premi\u00e8re r\u00e9alisation en championnat depuis le 4 mai 2025 (avec Gil Vicente contre le Sporting CP). Le milieu offensif portugais s\u2019est ainsi offert son deuxi\u00e8me doubl\u00e9 en 86 rencontres dans le Top 10 europ\u00e9en apr\u00e8s celui face au CD Nacional le 19 avril dernier.<\/p>\n<p>\u27a4\u00a0D\u00e9j\u00e0 buteur jeudi contre le PAOK Salonique en Ligue Europa, <strong>Benjamin Andr\u00e9<\/strong> (Lille) a marqu\u00e9 lors de deux matches cons\u00e9cutifs toutes comp\u00e9titions confondues pour la deuxi\u00e8me fois en 545 rencontres dans le Top 5 tcc, apr\u00e8s novembre-d\u00e9cembre 2017 avec Rennes (2).<\/p>\n","protected":false},"excerpt":{"rendered":"\u00c0 savoir \u00e9galement \u27a4\u00a0Lille a d\u00e9croch\u00e9 sa plus large victoire \u00e0 domicile en Ligue 1 depuis le 18&hellip;\n","protected":false},"author":2,"featured_media":493083,"comment_status":"","ping_status":"","sticky":false,"template":"","format":"standard","meta":{"footnotes":""},"categories":[2815],"tags":[1111,11,5598,1777,674,8113,107,1701,63,1011,27,811,230,7020,1307,6212,6213,5599,8112,12,25,517,1700],"class_list":{"0":"post-493082","1":"post","2":"type-post","3":"status-publish","4":"format-standard","5":"has-post-thumbnail","7":"category-lille","8":"tag-actu","9":"tag-actualites","10":"tag-edition-metz-et-agglomeration","11":"tag-eu","12":"tag-europe","13":"tag-fc-metz","14":"tag-fil-info","15":"tag-fil-info-sport","16":"tag-football","17":"tag-fr","18":"tag-france","19":"tag-hauts-de-france","20":"tag-infographie","21":"tag-ligue-1-football","22":"tag-lille","23":"tag-metz","24":"tag-metz-ville-57b","25":"tag-moselle","26":"tag-moselle-est","27":"tag-news","28":"tag-republique-francaise","29":"tag-sport","30":"tag-sport-lorrain"},"share_on_mastodon":{"url":"https:\/\/pubeurope.com\/@fr\/115446031578446171","error":""},"_links":{"self":[{"href":"https:\/\/www.europesays.com\/fr\/wp-json\/wp\/v2\/posts\/493082","targetHints":{"allow":["GET"]}}],"collection":[{"href":"https:\/\/www.europesays.com\/fr\/wp-json\/wp\/v2\/posts"}],"about":[{"href":"https:\/\/www.europesays.com\/fr\/wp-json\/wp\/v2\/types\/post"}],"author":[{"embeddable":true,"href":"https:\/\/www.europesays.com\/fr\/wp-json\/wp\/v2\/users\/2"}],"replies":[{"embeddable":true,"href":"https:\/\/www.europesays.com\/fr\/wp-json\/wp\/v2\/comments?post=493082"}],"version-history":[{"count":0,"href":"https:\/\/www.europesays.com\/fr\/wp-json\/wp\/v2\/posts\/493082\/revisions"}],"wp:featuredmedia":[{"embeddable":true,"href":"https:\/\/www.europesays.com\/fr\/wp-json\/wp\/v2\/media\/493083"}],"wp:attachment":[{"href":"https:\/\/www.europesays.com\/fr\/wp-json\/wp\/v2\/media?parent=493082"}],"wp:term":[{"taxonomy":"category","embeddable":true,"href":"https:\/\/www.europesays.com\/fr\/wp-json\/wp\/v2\/categories?post=493082"},{"taxonomy":"post_tag","embeddable":true,"href":"https:\/\/www.europesays.com\/fr\/wp-json\/wp\/v2\/tags?post=493082"}],"curies":[{"name":"wp","href":"https:\/\/api.w.org\/{rel}","templated":true}]}}