{"id":493086,"date":"2025-10-27T12:04:15","date_gmt":"2025-10-27T12:04:15","guid":{"rendered":"https:\/\/www.europesays.com\/fr\/493086\/"},"modified":"2025-10-27T12:04:15","modified_gmt":"2025-10-27T12:04:15","slug":"on-veut-juste-pouvoir-travailler","status":"publish","type":"post","link":"https:\/\/www.europesays.com\/fr\/493086\/","title":{"rendered":"On veut juste pouvoir travailler"},"content":{"rendered":"<p>            Par<br \/>\n        <strong><br \/>\n            <a href=\"https:\/\/actu.fr\/auteur\/fabien-binacchi\" title=\"Consulter tous les articles de Fabien Binacchi\" target=\"_blank\" rel=\"noopener\">Fabien Binacchi<\/a><br \/>\n        <\/strong><\/p>\n<p>        Publi\u00e9 le<\/p>\n<p>            27 oct. 2025 \u00e0 12h25        <\/p>\n<p>C\u2019est un bras de fer que cette \u00ab\u2009entreprise familiale\u2009\u00bb retente r\u00e9guli\u00e8rement. Comme en 2023, en 2024, et m\u00eame d\u00e9j\u00e0 en f\u00e9vrier de cette ann\u00e9e, <a href=\"https:\/\/actu.fr\/provence-alpes-cote-d-azur\/marseille_13055\/marseille-un-dromadaire-est-enferme-dans-un-enclos-minuscule-c-est-du-mal-etre-animal_61586795.html\" target=\"_blank\" rel=\"noopener\">le cirque Benzini<\/a> s\u2019est \u00e0 nouveau install\u00e9 \u00e0 <a href=\"https:\/\/www.google.com\/search?q=actu.fr+marseille&amp;rlz=1C5CHFA_enFR1139FR1139&amp;oq=actu.fr+marseille&amp;gs_lcrp=EgZjaHJvbWUqBggAEEUYOzIGCAAQRRg7MgYIARBFGDsyBggCEEUYOzIGCAMQRRg7MgcIBBAAGO8FMgYIBRBFGEEyBggGEEUYPDIGCAcQRRg80gEINzc5OWowajSoAgCwAgE&amp;sourceid=chrome&amp;ie=UTF-8\" target=\"_blank\" rel=\"noopener\">Marseille<\/a> sans l\u2019autorisation de la municipalit\u00e9, qui lui reproche d\u2019exploiter des animaux. Le tribunal administratif a \u00e9t\u00e9 saisi pour obtenir son expulsion du parking de la piscine municipale Bonneveine (8e), o\u00f9 le chapiteau est dress\u00e9 <strong>depuis le 18\u00a0octobre.<\/strong><\/p>\n<p>    <a href=\"https:\/\/www.google.com\/maps\/embed?pb=!1m18!1m12!1m3!1d1355.6735619110611!2d5.391064934878075!3d43.24839146106879!2m3!1f0!2f0!3f0!3m2!1i1024!2i768!4f13.1!3m3!1m2!1s0x12c9c77d98ac81b9%3A0x112b4828637e9eb2!2sPiscine%20municipale%20Bonneveine!5e1!3m2!1sfr!2sfr!4v1761562964317!5m2!1sfr!2sfr\" title=\"Ouvrie le lien\" target=\"_blank\" rel=\"noopener\">Cliquez ici pour visualiser le contenu<\/a><\/p>\n<p>\u00ab\u2009Si on reste sans travailler, comment on fait\u2009?\u2009\u00bb<\/p>\n<p class=\" wall-content\">Micka\u00ebl Reynold sait bien qu\u2019il n\u2019a pas le droit d\u2019\u00eatre l\u00e0\u2009: \u00ab\u2009Mais si on reste sans travailler, comment on fait\u2009?\u2009\u00bb, demande-t-il. Le patron du cirque Benzini, qu\u2019il fait tourner \u00ab\u2009en famille\u2009\u00bb, avec femme et enfants, s\u2019est \u00e0 nouveau install\u00e9 \u00e0 Marseille <strong>sans droit, ni titre.<\/strong><\/p>\n<p class=\" wall-content\">Ses demandes en bonne et due forme sont rest\u00e9es lettres mortes, assure-t-il \u00e0 actu Marseille. \u00ab\u2009\u00c7a fait depuis le mois de f\u00e9vrier qu\u2019on envoie des mails. On a encore relanc\u00e9 au mois de juillet. <strong>Je n\u2019ai eu aucune r\u00e9ponse.<\/strong> Jamais\u2009\u00bb, explique-t-il.<\/p>\n<p class=\" wall-content\">Apr\u00e8s avoir <strong>envoy\u00e9 sa police municipale<\/strong> sans succ\u00e8s, d\u00e8s le 19\u00a0octobre, la mairie de la deuxi\u00e8me ville de France a demand\u00e9 \u00e0 la justice de s\u2019en m\u00ealer. Une audience, initialement\u00a0programm\u00e9e ce lundi 27\u00a0octobre devant le tribunal administratif de Marseille, est report\u00e9e \u00e0 mercredi. Elle vise \u00e0 obtenir l\u2019expulsion du cirque, sous astreinte de 500\u00a0euros par jour.<\/p>\n<p>Des animaux \u00ab\u2009domestiques\u2009\u00bb et \u00ab\u2009en parfaite sant\u00e9\u2009\u00bb<\/p>\n<p class=\" wall-content\">Depuis son arriv\u00e9e aux affaires en 2020, la mairie de Beno\u00eet Payan (DVG) s\u2019oppose \u00e0 la venue sur son territoire de cirques mettant en sc\u00e8ne des animaux sauvages. Ce qui n\u2019est pas le cas de celui de Micka\u00ebl Reynold, d\u00e9fend-il. \u00ab\u2009Nous avons <strong>des dromadaires, des chameaux, des lamas et des chevaux.<\/strong> Ce sont des animaux domestiques.\u2009\u00bb<\/p>\n<p class=\" wall-content\">L\u2019an dernier, en septembre, <strong>One Voice<\/strong> avait \u00e9pingl\u00e9 le cirque Benzini, \u00e0 l\u2019occasion d\u2019une de ses pr\u00e9c\u00e9dentes venues \u00e0 Marseille. L\u2019association avait d\u00e9nonc\u00e9 les conditions de vie d\u2019un chameau film\u00e9 en train de \u00ab\u2009tourner incessamment en rond dans une cage de quelques m\u00e8tres carr\u00e9s en bord de route\u2009\u00bb. Fin 2023, un dromadaire qui s\u2019\u00e9tait \u00e9chapp\u00e9 du chapiteau de Micka\u00ebl Reynold avait \u00e9t\u00e9 <a href=\"https:\/\/actu.fr\/provence-alpes-cote-d-azur\/marseille_13055\/marseille-un-dromadaire-apercu-dans-les-quartiers-nord-en-pleine-rue_60443162.html\" target=\"_blank\" rel=\"noopener\">r\u00e9cup\u00e9r\u00e9 une heure plus tard dans les quartiers Nord.<\/a><\/p>\n<p>Votre r\u00e9gion, votre actu !<\/p>\n<p>Recevez chaque jour les infos qui comptent pour vous.<\/p>\n<p>\t<a href=\"https:\/\/actu.fr\/newsletter\" class=\"ac-btn ac-btn--corner ac-btn--medium ac-btn--blue800\" target=\"_blank\" rel=\"noopener\">S&rsquo;incrire<\/a><\/p>\n<p class=\" wall-content\">Le g\u00e9rant balaye toute accusation de maltraitance. \u00ab\u2009Nous avons une petite dizaine d\u2019animaux. Tous en parfaite sant\u00e9, tr\u00e8s beaux et tr\u00e8s gentils\u2009\u00bb, appuie-t-il.<\/p>\n<p>La mairie r\u00e9clame des cirques \u00ab\u2009100\u2009% humains\u2009\u00bb<\/p>\n<p class=\" wall-content\">De nombreuses communes s\u2019appuient sur <a href=\"https:\/\/www.ecologie.gouv.fr\/presse\/accompagnement-filiere-circassienne-interdiction-animaux-sauvages-cirques-2028#:~:text=En%20effet%2C%20en%20application%20de,partir%20du%201er%20d%C3%A9cembre%202028.\" target=\"_blank\" rel=\"noopener\">la loi de 2021,<\/a> qui interdira \u00ab\u2009l\u2019utilisation d\u2019animaux sauvages dans les \u00e9tablissements itin\u00e9rants \u00e0 partir du 1er\u00a0d\u00e9cembre 2028\u2009\u00bb, pour refuser ces cirques sur leur territoire. Micka\u00ebl Reynold mart\u00e8le qu\u2019<strong>il n\u2019est pas concern\u00e9 puisque les siens sont \u00ab\u2009domestiques\u2009\u00bb.<\/strong><\/p>\n<blockquote class=\"ac-article-quote wall-content\">\n<p>Je passe pour le mauvais bougre parce que je suis l\u00e0 sans autorisation. Mais, nous, on demande juste \u00e0 pouvoir travailler. Comme tout le monde.<\/p>\n<p>    <strong>Micka\u00ebl Reynold<\/strong>\n            <\/p><\/blockquote>\n<p class=\" wall-content\">La mairie de Marseille, elle, milite pour qu\u2019il n\u2019y ait pas d\u2019animaux du tout. Aupr\u00e8s de <a href=\"https:\/\/france3-regions.franceinfo.fr\/provence-alpes-cote-d-azur\/bouches-du-rhone\/marseille\/le-cirque-benzini-qui-assure-n-avoir-que-des-animaux-domestiques-s-installe-de-nouveau-illegalement-la-mairie-l-attaque-en-justice-3239653.html\" target=\"_blank\" rel=\"noopener\">France 3,<\/a> Christine Juste, l\u2019adjointe \u00e9cologiste en charge notamment de la biodiversit\u00e9 terrestre, r\u00e9clame <strong>que \u00ab\u2009l\u2019\u00c9tat accompagne davantage ces cirques<\/strong> pour les aider \u00e0 faire une transition, ce que d\u2019autres ont d\u00e9j\u00e0 fait, avec des [spectacles] 100\u2009% humains\u2009\u00bb.<\/p>\n<p class=\" wall-content\">En attendant les conclusions du tribunal administratif, Micka\u00ebl Reynold et sa famille ont pr\u00e9vu de rester \u00e0 Marseille <strong>jusqu\u2019au 9\u00a0novembre 2025.<\/strong><\/p>\n<p class=\" wall-content\">Personnalisez votre actualit\u00e9 en ajoutant vos villes et m\u00e9dias en favori avec <a href=\"https:\/\/moncompte.actu.fr\" title=\"D\u00e9couvez Mon Actu\" rel=\"nofollow noopener\" data-trk=\"{&quot;cta&quot;:{&quot;action&quot;:&quot;https:\\\/\\\/moncompte.actu.fr&quot;,&quot;category&quot;:&quot;mon compte&quot;,&quot;from&quot;:&quot;article footer&quot;,&quot;name&quot;:&quot;Mon actu&quot;,&quot;type&quot;:&quot;cta&quot;}}\" target=\"_blank\">Mon Actu<\/a>.<\/p>\n","protected":false},"excerpt":{"rendered":"Par Fabien Binacchi Publi\u00e9 le 27 oct. 2025 \u00e0 12h25 C\u2019est un bras de fer que cette \u00ab\u2009entreprise&hellip;\n","protected":false},"author":2,"featured_media":493087,"comment_status":"","ping_status":"","sticky":false,"template":"","format":"standard","meta":{"footnotes":""},"categories":[2814],"tags":[1111,11,1867,5398,1777,674,118,1011,27,884,12,882,25],"class_list":{"0":"post-493086","1":"post","2":"type-post","3":"status-publish","4":"format-standard","5":"has-post-thumbnail","7":"category-marseille","8":"tag-actu","9":"tag-actualites","10":"tag-animaux","11":"tag-cirque","12":"tag-eu","13":"tag-europe","14":"tag-faits-divers","15":"tag-fr","16":"tag-france","17":"tag-marseille","18":"tag-news","19":"tag-provence-alpes-cote-dazur","20":"tag-republique-francaise"},"share_on_mastodon":{"url":"https:\/\/pubeurope.com\/@fr\/115446039546389385","error":""},"_links":{"self":[{"href":"https:\/\/www.europesays.com\/fr\/wp-json\/wp\/v2\/posts\/493086","targetHints":{"allow":["GET"]}}],"collection":[{"href":"https:\/\/www.europesays.com\/fr\/wp-json\/wp\/v2\/posts"}],"about":[{"href":"https:\/\/www.europesays.com\/fr\/wp-json\/wp\/v2\/types\/post"}],"author":[{"embeddable":true,"href":"https:\/\/www.europesays.com\/fr\/wp-json\/wp\/v2\/users\/2"}],"replies":[{"embeddable":true,"href":"https:\/\/www.europesays.com\/fr\/wp-json\/wp\/v2\/comments?post=493086"}],"version-history":[{"count":0,"href":"https:\/\/www.europesays.com\/fr\/wp-json\/wp\/v2\/posts\/493086\/revisions"}],"wp:featuredmedia":[{"embeddable":true,"href":"https:\/\/www.europesays.com\/fr\/wp-json\/wp\/v2\/media\/493087"}],"wp:attachment":[{"href":"https:\/\/www.europesays.com\/fr\/wp-json\/wp\/v2\/media?parent=493086"}],"wp:term":[{"taxonomy":"category","embeddable":true,"href":"https:\/\/www.europesays.com\/fr\/wp-json\/wp\/v2\/categories?post=493086"},{"taxonomy":"post_tag","embeddable":true,"href":"https:\/\/www.europesays.com\/fr\/wp-json\/wp\/v2\/tags?post=493086"}],"curies":[{"name":"wp","href":"https:\/\/api.w.org\/{rel}","templated":true}]}}