{"id":493094,"date":"2025-10-27T12:09:15","date_gmt":"2025-10-27T12:09:15","guid":{"rendered":"https:\/\/www.europesays.com\/fr\/493094\/"},"modified":"2025-10-27T12:09:15","modified_gmt":"2025-10-27T12:09:15","slug":"quatre-personnes-intoxiquees-apres-lusage-dun-redoutable-produit-contre-les-punaises-de-lit","status":"publish","type":"post","link":"https:\/\/www.europesays.com\/fr\/493094\/","title":{"rendered":"quatre personnes intoxiqu\u00e9es apr\u00e8s l\u2019usage d\u2019un redoutable produit contre les punaises de lit"},"content":{"rendered":"<p>            Par<br \/>\n        <strong><br \/>\n            <a href=\"https:\/\/actu.fr\/auteur\/dorinegoth\" title=\"Consulter tous les articles de Dorine Goth\" target=\"_blank\" rel=\"noopener\">Dorine Goth<\/a><br \/>\n        <\/strong><\/p>\n<p>        Publi\u00e9 le<\/p>\n<p>            27 oct. 2025 \u00e0 12h25        <\/p>\n<p>La lutte contre les <strong><a href=\"https:\/\/actu.fr\/ile-de-france\/paris_75056\/pendant-le-traitement-tu-sers-d-appat-depuis-un-an-elle-combat-les-punaises-de-lit-a-paris_60144193.html\" target=\"_blank\" rel=\"noopener\">punaises de lit<\/a><\/strong> peut conduire \u00e0 des comportements d\u00e9sesp\u00e9r\u00e9s, voire dangereux. Dimanche 26\u00a0octobre 2025, quatre personnes ont \u00e9t\u00e9 prises en charge par les sapeurs-pompiers de Paris apr\u00e8s l\u2019emploi d\u2019<strong>un insecticide \u00ab<a href=\"https:\/\/actu.fr\/societe\/punaises-de-lit-attention-au-sniper-1000-cet-insecticide-mortel-interdit-mais-toujours-en-vente_61680807.html\" target=\"_blank\" rel=\"noopener\">\u2009dangereux et interdit<\/a>\u2009\u00bb<\/strong>, a indiqu\u00e9 la pr\u00e9fecture de Police \u00e0 actu Paris. Elles se trouvaient rue Henry-Monnier, dans le 9\u1d49 arrondissement, et ont \u00e9t\u00e9 transport\u00e9es en urgence relative pour intoxication.<\/p>\n<p>Insecticide mortel<\/p>\n<p class=\" wall-content\">Les victimes auraient utilis\u00e9 un insecticide type \u00ab<strong>\u2009Sniper 1000<\/strong>\u2009\u00bb, interdit \u00e0 la vente mais encore tr\u00e8s r\u00e9pandu dans les commerces et <a href=\"https:\/\/actu.fr\/ile-de-france\/sarcelles_95585\/punaises-de-lit-saisies-de-sniper-un-insecticide-tres-dangereux-et-interdit-sur-un-marche-du-val-d-oise_62116089.html\" target=\"_blank\" rel=\"noopener\">sur les \u00e9tals des march\u00e9s<\/a>. \u00ab\u2009Depuis le d\u00e9but de l\u2019ann\u00e9e 2025, la BSPP a op\u00e9r\u00e9 24 op\u00e9rations en relation avec cet insecticide et 8 interventions sur l\u2019ann\u00e9e 2024\u2009\u00bb, pr\u00e9cise la pr\u00e9fecture de Police.<\/p>\n<p class=\" wall-content\">Les substances qui le composent sont class\u00e9es comme mortelles par inhalation, bien qu\u2019aucun d\u00e9c\u00e8s n\u2019ait \u00e9t\u00e9 recens\u00e9 depuis 2023. Elles peuvent provoquer des troubles respiratoires, oculaires et neurologiques.<\/p>\n<p class=\" wall-content\">Personnalisez votre actualit\u00e9 en ajoutant vos villes et m\u00e9dias en favori avec <a href=\"https:\/\/moncompte.actu.fr\" title=\"D\u00e9couvez Mon Actu\" rel=\"nofollow noopener\" data-trk=\"{&quot;cta&quot;:{&quot;action&quot;:&quot;https:\\\/\\\/moncompte.actu.fr&quot;,&quot;category&quot;:&quot;mon compte&quot;,&quot;from&quot;:&quot;article footer&quot;,&quot;name&quot;:&quot;Mon actu&quot;,&quot;type&quot;:&quot;cta&quot;}}\" target=\"_blank\">Mon Actu<\/a>.<\/p>\n","protected":false},"excerpt":{"rendered":"Par Dorine Goth Publi\u00e9 le 27 oct. 2025 \u00e0 12h25 La lutte contre les punaises de lit peut&hellip;\n","protected":false},"author":2,"featured_media":493095,"comment_status":"","ping_status":"","sticky":false,"template":"","format":"standard","meta":{"footnotes":""},"categories":[1888],"tags":[1111,1928,11,1927,3056,1777,674,118,1011,27,12,1926,626,1925,56773,25],"class_list":{"0":"post-493094","1":"post","2":"type-post","3":"status-publish","4":"format-standard","5":"has-post-thumbnail","7":"category-paris","8":"tag-actu","9":"tag-actu-paris","10":"tag-actualites","11":"tag-actualites-paris","12":"tag-brigade-de-sapeurs-pompiers-de-paris","13":"tag-eu","14":"tag-europe","15":"tag-faits-divers","16":"tag-fr","17":"tag-france","18":"tag-news","19":"tag-news-paris","20":"tag-paris","21":"tag-paris-news","22":"tag-punaises-de-lit","23":"tag-republique-francaise"},"share_on_mastodon":{"url":"https:\/\/pubeurope.com\/@fr\/115446059491496954","error":""},"_links":{"self":[{"href":"https:\/\/www.europesays.com\/fr\/wp-json\/wp\/v2\/posts\/493094","targetHints":{"allow":["GET"]}}],"collection":[{"href":"https:\/\/www.europesays.com\/fr\/wp-json\/wp\/v2\/posts"}],"about":[{"href":"https:\/\/www.europesays.com\/fr\/wp-json\/wp\/v2\/types\/post"}],"author":[{"embeddable":true,"href":"https:\/\/www.europesays.com\/fr\/wp-json\/wp\/v2\/users\/2"}],"replies":[{"embeddable":true,"href":"https:\/\/www.europesays.com\/fr\/wp-json\/wp\/v2\/comments?post=493094"}],"version-history":[{"count":0,"href":"https:\/\/www.europesays.com\/fr\/wp-json\/wp\/v2\/posts\/493094\/revisions"}],"wp:featuredmedia":[{"embeddable":true,"href":"https:\/\/www.europesays.com\/fr\/wp-json\/wp\/v2\/media\/493095"}],"wp:attachment":[{"href":"https:\/\/www.europesays.com\/fr\/wp-json\/wp\/v2\/media?parent=493094"}],"wp:term":[{"taxonomy":"category","embeddable":true,"href":"https:\/\/www.europesays.com\/fr\/wp-json\/wp\/v2\/categories?post=493094"},{"taxonomy":"post_tag","embeddable":true,"href":"https:\/\/www.europesays.com\/fr\/wp-json\/wp\/v2\/tags?post=493094"}],"curies":[{"name":"wp","href":"https:\/\/api.w.org\/{rel}","templated":true}]}}