{"id":493096,"date":"2025-10-27T12:10:21","date_gmt":"2025-10-27T12:10:21","guid":{"rendered":"https:\/\/www.europesays.com\/fr\/493096\/"},"modified":"2025-10-27T12:10:21","modified_gmt":"2025-10-27T12:10:21","slug":"zappe-de-la-bande-annonce-de-la-saison-5-demily-in-paris-lucas-bravo-sexprime","status":"publish","type":"post","link":"https:\/\/www.europesays.com\/fr\/493096\/","title":{"rendered":"Zapp\u00e9 de la bande-annonce de la saison 5 d\u2019Emily in Paris, Lucas Bravo s\u2019exprime"},"content":{"rendered":"<p>Emily in Paris revient bient\u00f4t sur nos \u00e9crans avec une saison 5 toujours port\u00e9e par Lily Collins. En attendant sa diffusion sur Netflix, la bande-annonce des prochains \u00e9pisodes a enfin \u00e9t\u00e9 d\u00e9voil\u00e9e, mais Lucas Bravo manque \u00e9tonnamment \u00e0 l&rsquo;appel. Une absence qui a aussit\u00f4t fait r\u00e9agir l&rsquo;interpr\u00e8te de Gabriel.  <\/p>\n<p>Emily Cooper reprendra bient\u00f4t du service sur <a href=\"https:\/\/www.programme-tv.net\/guide-netflix\/\" target=\"_blank\" rel=\"noopener\">Netflix<\/a>. Apr\u00e8s une saison 4 <a href=\"https:\/\/www.programme-tv.net\/news\/series-tv\/369137-jouer-non-mais-brigitte-macron-raconte-comment-elle-a-obtenu-un-role-dans-emily-in-paris\/\" data-api-deeplink=\"teleloisirs:\/\/news\/369137\" target=\"_blank\" rel=\"noopener\">marqu\u00e9e par une br\u00e8ve apparition de Brigitte Macron<\/a>, il a \u00e9t\u00e9 annonc\u00e9 que la cr\u00e9ation de Darren Starr avait \u00e9t\u00e9 renouvel\u00e9e pour <a href=\"https:\/\/www.programme-tv.net\/news\/series-tv\/362079-emily-in-paris-saison-5-netflix-casting-intrigues-les-premieres-informations-sur-les-prochains-episodes-de-la-serie\/\" data-api-deeplink=\"teleloisirs:\/\/news\/362079\" target=\"_blank\" rel=\"noopener\">une cinqui\u00e8me salve qui se d\u00e9roulerait entre Paris et l&rsquo;Italie<\/a>. Si les acteurs phares des saisons pr\u00e9c\u00e9dentes, comme <a href=\"https:\/\/www.programme-tv.net\/biographie\/187516-collins-lily\/\" data-link-people=\"c3cb9652-7732-492b-9239-ea51e14bf180\" target=\"_blank\" rel=\"noopener\">Lily Collins<\/a>, <a href=\"https:\/\/www.programme-tv.net\/biographie\/366026-park-ashley\/\" data-link-people=\"01bbd668-3990-4a84-97ff-43c52d809551\" target=\"_blank\" rel=\"noopener\">Ashley Park<\/a> ou encore <a href=\"https:\/\/www.programme-tv.net\/biographie\/450217-leroy-beaulieu-philippine\/\" data-link-people=\"2b97f6b1-9bcd-4b98-90bf-645fa0b1b7fb\" target=\"_blank\" rel=\"noopener\">Philippine Leroy-Beaulieu<\/a>, seront bien \u00e9videmment de retour dans la suite tant attendue,<a href=\"https:\/\/www.programme-tv.net\/news\/series-tv\/382503-emily-in-paris-une-celebre-actrice-francaise-et-un-acteur-phare-des-freres-scott-rejoignent-la-saison-5\/\" data-api-deeplink=\"teleloisirs:\/\/news\/382503\" target=\"_blank\" rel=\"noopener\"> <\/a>trois nouveaux visages feront leur apparition. <a href=\"https:\/\/www.programme-tv.net\/biographie\/45359-greenberg-bryan\/\" data-link-people=\"63c30183-f551-4acf-8bf2-54880868794c\" target=\"_blank\" rel=\"noopener\">Bryan Greenberg<\/a> (Les Fr\u00e8res Scott) et <a href=\"https:\/\/www.programme-tv.net\/biographie\/17633-driver-minnie\/\" data-link-people=\"c5782edc-79df-4c8d-ac0d-1920111d7042\" target=\"_blank\" rel=\"noopener\">Minnie Driver<\/a> (Will Hunting) seront pr\u00e9sents dans la nouvelle salve d&rsquo;\u00e9pisodes, <a href=\"https:\/\/www.programme-tv.net\/news\/series-tv\/384668-ils-lont-tout-de-suite-adoree-michele-laroque-a-impressionne-lequipe-demily-in-paris-sur-le-tournage-de-la-saison-5\/\" data-api-deeplink=\"teleloisirs:\/\/news\/384668\" target=\"_blank\" rel=\"noopener\">tout comme la com\u00e9dienne Mich\u00e8le Laroque<\/a>, qui incarnera une vieille amie de Sylvie Grateau. Contrairement \u00e0 la saison pr\u00e9c\u00e9dente, qui \u00e9tait scind\u00e9e en deux parties,<a href=\"https:\/\/www.programme-tv.net\/news\/series-tv\/385777-emily-in-paris-saison-5-la-date-de-sortie-et-les-premieres-images-devoilees\/\" data-api-deeplink=\"teleloisirs:\/\/news\/385777\" target=\"_blank\" rel=\"noopener\"> le prochain chapitre d&rsquo;Emily in Paris sortira d&rsquo;un seul coup <\/a>sur Netflix.<\/p>\n<p>                        <b>Lucas Bravo r\u00e9agit \u00e0 son absence de la bande-annonce de la saison 5 d&rsquo;<\/b><b>Emily in Paris<\/b><\/p>\n<p>La saison 5 d&rsquo;Emily in Paris n&rsquo;arrivera pas avant le 18 d\u00e9cembre 2025. Pour faire patienter les fans, Netflix a d\u00e9voil\u00e9 les premi\u00e8res images de la prochaine salve d&rsquo;\u00e9pisodes. L&rsquo;occasion pour eux de d\u00e9couvrir les nouvelles aventures d&rsquo;Emily Cooper qui s&rsquo;est install\u00e9e en Italie pour s&rsquo;occuper de l&rsquo;antenne romaine de l&rsquo;Agence Grateau. Comme on peut s&rsquo;y attendre, la jolie brune fera face \u00e0 des difficult\u00e9s d&rsquo;ordre professionnel, mais aussi sentimental. Lily Collins, Ashley Park et Philippine Leroy-Beaulieu font partie des visages que l&rsquo;on peut apercevoir dans la bande-annonce de la saison 5 d&rsquo;Emily in Paris. Mais un acteur manque \u00e0 l&rsquo;appel et il s&rsquo;agit de Lucas Bravo. C&rsquo;est aupr\u00e8s de nos confr\u00e8res d&rsquo;E!News que l&rsquo;interpr\u00e8te de Gabriel a r\u00e9agi \u00e0 son absence du trailer. \u00ab\u00a0J&rsquo;aimerais beaucoup vous dire quelque chose\u00a0\u00bb, a-t-il d&rsquo;abord d\u00e9clar\u00e9 au site am\u00e9ricain. \u00ab\u00a0J&rsquo;appr\u00e9cie le fait de ne pas \u00eatre dans la bande-annonce et que cela suscite la conversation, et je vais la maintenir. Je ne dirai rien\u00a0\u00bb.<\/p>\n<p>            <b>Emily in Paris<\/b><b> : ces deux acteurs n&rsquo;appara\u00eetront pas dans la saison 5 in\u00e9dite<\/b><\/p>\n<p>Si Lucas Bravo sera bel et bien au casting de la saison 5 d&rsquo;Emily in Paris sur Netflix, ce ne sera pas le cas de <a href=\"https:\/\/www.programme-tv.net\/biographie\/286731-razat-camille\/\" data-link-people=\"50899260-b1e7-46fd-890f-a7742b0a2c58\" target=\"_blank\" rel=\"noopener\">Camille Razat<\/a>. L&rsquo;actrice, vue r\u00e9cemment dans N\u00e9ro, a annonc\u00e9 au printemps dernier qu&rsquo;<a href=\"https:\/\/www.programme-tv.net\/news\/series-tv\/377369-emily-in-paris-une-aventure-incroyable-camille-razat-confirme-son-depart-avant-la-saison-5\/\" data-api-deeplink=\"teleloisirs:\/\/news\/377369\" target=\"_blank\" rel=\"noopener\">elle ne serait pas dans la prochaine salve d&rsquo;\u00e9pisodes<\/a>. Il en est de m\u00eame pour <a href=\"https:\/\/www.programme-tv.net\/biographie\/5394-everett-rupert\/\" data-link-people=\"256ff856-440b-43b4-bc2d-92bdbe2f6f81\" target=\"_blank\" rel=\"noopener\">Rupert Everett<\/a>. L&rsquo;acteur britannique, qui a incarn\u00e9 Giorgio Barbieri, <a href=\"https:\/\/www.programme-tv.net\/news\/series-tv\/384430-jai-attendu-leur-appel-vire-demily-in-paris-un-acteur-pousse-un-coup-de-gueule\/\" data-api-deeplink=\"teleloisirs:\/\/news\/384430\" target=\"_blank\" rel=\"noopener\">a r\u00e9v\u00e9l\u00e9 avoir \u00e9t\u00e9 \u00e9vinc\u00e9 de la s\u00e9rie Netflix<\/a>. Une d\u00e9cision qui l&rsquo;a profond\u00e9ment affect\u00e9, comme il le confiait aupr\u00e8s de Vanity Fair.<\/p>\n<p>Article \u00e9crit en collaboration avec 6M\u00e9dias<\/p>\n","protected":false},"excerpt":{"rendered":"Emily in Paris revient bient\u00f4t sur nos \u00e9crans avec une saison 5 toujours port\u00e9e par Lily Collins. En&hellip;\n","protected":false},"author":2,"featured_media":493097,"comment_status":"","ping_status":"","sticky":false,"template":"","format":"standard","meta":{"footnotes":""},"categories":[1888],"tags":[1111,1928,11,1927,244,11739,1777,674,1011,27,12510,127,12,1926,626,1925,1722,25,1721,4496,129],"class_list":{"0":"post-493096","1":"post","2":"type-post","3":"status-publish","4":"format-standard","5":"has-post-thumbnail","7":"category-paris","8":"tag-actu","9":"tag-actu-paris","10":"tag-actualites","11":"tag-actualites-paris","12":"tag-commentaire","13":"tag-emily-in-paris","14":"tag-eu","15":"tag-europe","16":"tag-fr","17":"tag-france","18":"tag-lucas-bravo","19":"tag-netflix","20":"tag-news","21":"tag-news-paris","22":"tag-paris","23":"tag-paris-news","24":"tag-pub-streaming-netflix","25":"tag-republique-francaise","26":"tag-su00e9rie-netflix","27":"tag-superstream","28":"tag-svod"},"share_on_mastodon":{"url":"https:\/\/pubeurope.com\/@fr\/115446063009741805","error":""},"_links":{"self":[{"href":"https:\/\/www.europesays.com\/fr\/wp-json\/wp\/v2\/posts\/493096","targetHints":{"allow":["GET"]}}],"collection":[{"href":"https:\/\/www.europesays.com\/fr\/wp-json\/wp\/v2\/posts"}],"about":[{"href":"https:\/\/www.europesays.com\/fr\/wp-json\/wp\/v2\/types\/post"}],"author":[{"embeddable":true,"href":"https:\/\/www.europesays.com\/fr\/wp-json\/wp\/v2\/users\/2"}],"replies":[{"embeddable":true,"href":"https:\/\/www.europesays.com\/fr\/wp-json\/wp\/v2\/comments?post=493096"}],"version-history":[{"count":0,"href":"https:\/\/www.europesays.com\/fr\/wp-json\/wp\/v2\/posts\/493096\/revisions"}],"wp:featuredmedia":[{"embeddable":true,"href":"https:\/\/www.europesays.com\/fr\/wp-json\/wp\/v2\/media\/493097"}],"wp:attachment":[{"href":"https:\/\/www.europesays.com\/fr\/wp-json\/wp\/v2\/media?parent=493096"}],"wp:term":[{"taxonomy":"category","embeddable":true,"href":"https:\/\/www.europesays.com\/fr\/wp-json\/wp\/v2\/categories?post=493096"},{"taxonomy":"post_tag","embeddable":true,"href":"https:\/\/www.europesays.com\/fr\/wp-json\/wp\/v2\/tags?post=493096"}],"curies":[{"name":"wp","href":"https:\/\/api.w.org\/{rel}","templated":true}]}}