{"id":493100,"date":"2025-10-27T12:13:27","date_gmt":"2025-10-27T12:13:27","guid":{"rendered":"https:\/\/www.europesays.com\/fr\/493100\/"},"modified":"2025-10-27T12:13:27","modified_gmt":"2025-10-27T12:13:27","slug":"rolex-paris-masters-finaliste-lan-dernier-ugo-humbert-declare-forfait-a-cause-dune-blessure-au-dos","status":"publish","type":"post","link":"https:\/\/www.europesays.com\/fr\/493100\/","title":{"rendered":"Rolex Paris Masters\u00a0: finaliste l\u2019an dernier, Ugo Humbert d\u00e9clare forfait \u00e0 cause d\u2019une blessure au dos"},"content":{"rendered":"<p class=\"paragraph text_align_left lp-f-body-02\">\u00c9norme coup dur pour Ugo Humbert. Finaliste <a href=\"https:\/\/www.leparisien.fr\/sports\/tennis\/rolex-paris-masters\/\" target=\"_blank\" rel=\"noreferrer noopener\">du Rolex Paris Masters en 2024<\/a>, le n\u00b01 fran\u00e7ais Ugo Humbert a d\u00e9clar\u00e9 forfait pour l\u2019\u00e9dition 2025 qui commence ce lundi en raison d\u2019une blessure au dos. Le Messin avait d\u00e9j\u00e0 <a href=\"https:\/\/www.leparisien.fr\/sports\/tennis\/tennis-ugo-humbert-abandonne-en-demi-finale-a-bale-a-quelques-jours-du-rolex-paris-masters-25-10-2025-AQQ4DPCKDZC7XDFTXOMTZ4MO3Q.php\" target=\"_blank\" rel=\"noreferrer noopener\">abandonn\u00e9 en demi-finale du tournoi de B\u00e2le<\/a> ce samedi alors qu\u2019il \u00e9tait men\u00e9 face \u00e0 l\u2019Espagnol Alejandro Davidovich Fokina.<\/p>\n<p class=\"paragraph text_align_left lp-f-body-02\">Son malheur fait le bonheur d\u2019un autre Fran\u00e7ais puisqu\u2019il est remplac\u00e9 dans le tableau par son compatriote <a href=\"https:\/\/www.leparisien.fr\/sports\/tennis\/tsitsipas-royer-a-wimbledon-le-francais-issu-des-qualifications-soffre-un-succes-de-prestige-30-06-2025-EWXJVVTOWNAQ3NZ4SQZZGKJZUM.php\" target=\"_blank\" rel=\"noreferrer noopener\">Valentin Royer<\/a> (59e), lucky loser, qui affrontera au premier tour\u2026 Davidovich Fokina (15e). Le match est pr\u00e9vu ce mardi.<\/p>\n<p>Grosse chute \u00e0 pr\u00e9voir au classement ATP<\/p>\n<p class=\"paragraph text_align_left lp-f-body-02\">Ce forfait ne fait pas les affaires d\u2019<a href=\"https:\/\/www.leparisien.fr\/sports\/tennis\/ugo-humbert\/\" target=\"_blank\" rel=\"noreferrer noopener\">Ugo Humbert<\/a>, qui va consid\u00e9rablement chuter au classement ATP. Finaliste l\u2019an dernier gr\u00e2ce \u00e0 un superbe parcours, avec notamment des victoires face \u00e0 Carlos Alcaraz ou Karen Khachanov, le Fran\u00e7ais avait \u00e9chou\u00e9 en finale face \u00e0 Alexander Zverev. Il avait malgr\u00e9 tout empoch\u00e9 650 points, qu\u2019il va donc perdre lors de la publication du prochain classement lundi.<\/p>\n<p class=\"paragraph text_align_left lp-f-body-02\">Selon le classement en direct de l\u2019ATP, le Messin, qui pointait ce lundi \u00e0 la 22e place, devrait glisser au moins jusqu\u2019\u00e0 la 36e position. Et cela pourrait \u00eatre pire en cas de bons r\u00e9sultats de ses concurrents directs. Cette nouvelle remet aussi en question sa participation \u00e0 la derni\u00e8re \u00e9dition de l\u2019ATP 250 de Metz et \u00e0 <a href=\"https:\/\/www.leparisien.fr\/sports\/tennis\/lobjectif-est-daller-au-bout-humbert-et-rinderknech-fers-de-lance-de-la-france-pour-la-phase-finale-de-coupe-davis-20-10-2025-T2ZNWEAALNFK3PV5365SY7RVP4.php\" target=\"_blank\" rel=\"noreferrer noopener\">la phase finale de la Coupe Davis<\/a> pour laquelle il avait \u00e9t\u00e9 s\u00e9lectionn\u00e9.<\/p>\n","protected":false},"excerpt":{"rendered":"\u00c9norme coup dur pour Ugo Humbert. Finaliste du Rolex Paris Masters en 2024, le n\u00b01 fran\u00e7ais Ugo Humbert&hellip;\n","protected":false},"author":2,"featured_media":493101,"comment_status":"","ping_status":"","sticky":false,"template":"","format":"standard","meta":{"footnotes":""},"categories":[1888],"tags":[11,1777,674,1011,27,12,626,25,34003,60,1467],"class_list":{"0":"post-493100","1":"post","2":"type-post","3":"status-publish","4":"format-standard","5":"has-post-thumbnail","7":"category-paris","8":"tag-actualites","9":"tag-eu","10":"tag-europe","11":"tag-fr","12":"tag-france","13":"tag-news","14":"tag-paris","15":"tag-republique-francaise","16":"tag-rolex-paris-masters","17":"tag-sports","18":"tag-tennis"},"share_on_mastodon":{"url":"https:\/\/pubeurope.com\/@fr\/115446074849890907","error":""},"_links":{"self":[{"href":"https:\/\/www.europesays.com\/fr\/wp-json\/wp\/v2\/posts\/493100","targetHints":{"allow":["GET"]}}],"collection":[{"href":"https:\/\/www.europesays.com\/fr\/wp-json\/wp\/v2\/posts"}],"about":[{"href":"https:\/\/www.europesays.com\/fr\/wp-json\/wp\/v2\/types\/post"}],"author":[{"embeddable":true,"href":"https:\/\/www.europesays.com\/fr\/wp-json\/wp\/v2\/users\/2"}],"replies":[{"embeddable":true,"href":"https:\/\/www.europesays.com\/fr\/wp-json\/wp\/v2\/comments?post=493100"}],"version-history":[{"count":0,"href":"https:\/\/www.europesays.com\/fr\/wp-json\/wp\/v2\/posts\/493100\/revisions"}],"wp:featuredmedia":[{"embeddable":true,"href":"https:\/\/www.europesays.com\/fr\/wp-json\/wp\/v2\/media\/493101"}],"wp:attachment":[{"href":"https:\/\/www.europesays.com\/fr\/wp-json\/wp\/v2\/media?parent=493100"}],"wp:term":[{"taxonomy":"category","embeddable":true,"href":"https:\/\/www.europesays.com\/fr\/wp-json\/wp\/v2\/categories?post=493100"},{"taxonomy":"post_tag","embeddable":true,"href":"https:\/\/www.europesays.com\/fr\/wp-json\/wp\/v2\/tags?post=493100"}],"curies":[{"name":"wp","href":"https:\/\/api.w.org\/{rel}","templated":true}]}}