{"id":493104,"date":"2025-10-27T12:15:18","date_gmt":"2025-10-27T12:15:18","guid":{"rendered":"https:\/\/www.europesays.com\/fr\/493104\/"},"modified":"2025-10-27T12:15:18","modified_gmt":"2025-10-27T12:15:18","slug":"la-russie-annonce-avoir-intercepte-193-drones-ukrainiens-dans-la-nuit-et-revendique-la-prise-de-trois-villages","status":"publish","type":"post","link":"https:\/\/www.europesays.com\/fr\/493104\/","title":{"rendered":"la Russie annonce avoir intercept\u00e9 193 drones ukrainiens dans la nuit et revendique la prise de trois villages"},"content":{"rendered":"<p>\n    <strong>LE POINT SUR LA SITUATION &#8211;\u00a0<\/strong>Il s\u2019agit d\u2019un nombre de drones relativement important pour une attaque ukrainienne sur la Russie, mais pas d\u2019un record.<\/p>\n<p class=\"fig-paragraph\">L\u2019arm\u00e9e russe a annonc\u00e9 avoir intercept\u00e9 193 drones ukrainiens dans la nuit de dimanche \u00e0 lundi, faisant un mort et cinq bless\u00e9s dans le village de Pogar.\u00a0Elle\u00a0a par ailleurs aussi revendiqu\u00e9 la prise de trois<a href=\"http:\/\/www.lefigaro.fr\/international\/russie-cinq-blesses-apres-une-attaque-de-drone-ukrainien-en-banlieue-de-moscou-20251024\" target=\"_blank\" data-fig-type=\"NewsFlash\" rel=\"noopener\" data-gtm-custom-categorie=\"navigation\" data-gtm-custom-action=\"crossclick\" data-gtm-custom-label=\"Contextuel\" data-gtm-event=\"customEventSPE\" data-fig-domain=\"LEFIGARO\">\u00a0villages<\/a>\u00a0situ\u00e9s dans le sud-est de\u00a0<a href=\"http:\/\/www.lefigaro.fr\/international\/guerre-en-ukraine-une-attaque-de-drones-russes-fait-trois-morts-a-kiev-annonce-le-maire-20251026\" target=\"_blank\" data-fig-type=\"NewsFlash\" rel=\"noopener\" data-gtm-custom-categorie=\"navigation\" data-gtm-custom-action=\"crossclick\" data-gtm-custom-label=\"Contextuel\" data-gtm-event=\"customEventSPE\" data-fig-domain=\"LEFIGARO\">l\u2019Ukraine<\/a>\u00a0ce lundi.<\/p>\n<p>193 drones ukrainiens intercept\u00e9s<\/p>\n<p class=\"fig-paragraph\">Le minist\u00e8re russe de la D\u00e9fense a annonc\u00e9 lundi matin avoir intercept\u00e9 193 drones ukrainiens dans la nuit de dimanche \u00e0 lundi, une attaque qui a fait un mort selon les autorit\u00e9s locales. Un chauffeur de minibus a \u00e9t\u00e9 tu\u00e9 et cinq passagers ont \u00e9t\u00e9 bless\u00e9s dans le village de Pogar, a affirm\u00e9 lundi matin sur Telegram Alexandre Bogomaz, gouverneur de la r\u00e9gion de Briansk, frontali\u00e8re de l\u2019Ukraine. Parmi les drones d\u00e9compt\u00e9s, 47 ont survol\u00e9 la r\u00e9gion de Briansk et 40 la r\u00e9gion de Moscou, dont la majorit\u00e9 se dirigeait vers la capitale russe, selon le minist\u00e8re de la D\u00e9fense.<\/p>\n<p>                                    <a class=\"fig-a11y-skip a11y-hidden\" href=\"#fig-a11y-skip-main-inarticle\"><br \/>\n        Passer la publicit\u00e9<br \/>\n    <\/a><\/p>\n<p class=\"fig-paragraph\">Il s\u2019agit d\u2019un nombre de drones relativement important pour une attaque ukrainienne sur la Russie, mais pas d\u2019un record. Depuis le d\u00e9but de son offensive il y a trois ans et demi, la Russie lance quasi-quotidiennement drones et missiles sur l\u2019Ukraine, qui r\u00e9pond r\u00e9guli\u00e8rement en frappant le territoire russe. Kiev intensifie ses frappes et vise notamment les infrastructures \u00e9nerg\u00e9tiques russes.<\/p>\n<p class=\"fig-paragraph\">Dans la r\u00e9gion ukrainienne de Lougansk (est), sous occupation russe, les autorit\u00e9s locales nomm\u00e9es par Moscou ont par ailleurs affirm\u00e9 lundi que deux d\u00e9p\u00f4ts de carburant avaient \u00e9t\u00e9 frapp\u00e9s pendant la nuit par des drones ukrainiens. \u00abL\u2019attaque a endommag\u00e9 des b\u00e2timents administratifs, plusieurs camions-citernes et r\u00e9servoirs de carburant\u00bb, a indiqu\u00e9 un responsable local, Andre\u00ef Elisse\u00efev, sur son compte Telegram, pr\u00e9cisant qu\u2019il n\u2019y avait pas de bless\u00e9s.<\/p>\n<p>Les Russes revendiquent la prise de trois villages<\/p>\n<p class=\"fig-paragraph\">L\u2019arm\u00e9e russe a revendiqu\u00e9 lundi la prise de trois villages dans le sud-est de l\u2019Ukraine, o\u00f9 ses troupes continuent de grignoter lentement du terrain dans certains secteurs, malgr\u00e9 de lourdes pertes, face \u00e0 des forces ukrainiennes moins nombreuses.<\/p>\n<p class=\"fig-paragraph\">Sur Telegram, le minist\u00e8re russe de la D\u00e9fense a affirm\u00e9 que ses troupes se sont empar\u00e9es des localit\u00e9s de Novomykola\u00efvka et Pryviln\u00e9 dans la r\u00e9gion ukrainienne de Zaporijjia (sud), ainsi que de celle de Egorivka dans la r\u00e9gion de Dnipropetrovsk (centre-est).<\/p>\n","protected":false},"excerpt":{"rendered":"LE POINT SUR LA SITUATION &#8211;\u00a0Il s\u2019agit d\u2019un nombre de drones relativement important pour une attaque ukrainienne sur&hellip;\n","protected":false},"author":2,"featured_media":493105,"comment_status":"","ping_status":"","sticky":false,"template":"","format":"standard","meta":{"footnotes":""},"categories":[1590],"tags":[11,2024,1777,674,131,12,132,220],"class_list":{"0":"post-493104","1":"post","2":"type-post","3":"status-publish","4":"format-standard","5":"has-post-thumbnail","7":"category-ukraine","8":"tag-actualites","9":"tag-drones","10":"tag-eu","11":"tag-europe","12":"tag-guerre-en-ukraine","13":"tag-news","14":"tag-russie","15":"tag-ukraine"},"share_on_mastodon":{"url":"https:\/\/pubeurope.com\/@fr\/115446082840327852","error":""},"_links":{"self":[{"href":"https:\/\/www.europesays.com\/fr\/wp-json\/wp\/v2\/posts\/493104","targetHints":{"allow":["GET"]}}],"collection":[{"href":"https:\/\/www.europesays.com\/fr\/wp-json\/wp\/v2\/posts"}],"about":[{"href":"https:\/\/www.europesays.com\/fr\/wp-json\/wp\/v2\/types\/post"}],"author":[{"embeddable":true,"href":"https:\/\/www.europesays.com\/fr\/wp-json\/wp\/v2\/users\/2"}],"replies":[{"embeddable":true,"href":"https:\/\/www.europesays.com\/fr\/wp-json\/wp\/v2\/comments?post=493104"}],"version-history":[{"count":0,"href":"https:\/\/www.europesays.com\/fr\/wp-json\/wp\/v2\/posts\/493104\/revisions"}],"wp:featuredmedia":[{"embeddable":true,"href":"https:\/\/www.europesays.com\/fr\/wp-json\/wp\/v2\/media\/493105"}],"wp:attachment":[{"href":"https:\/\/www.europesays.com\/fr\/wp-json\/wp\/v2\/media?parent=493104"}],"wp:term":[{"taxonomy":"category","embeddable":true,"href":"https:\/\/www.europesays.com\/fr\/wp-json\/wp\/v2\/categories?post=493104"},{"taxonomy":"post_tag","embeddable":true,"href":"https:\/\/www.europesays.com\/fr\/wp-json\/wp\/v2\/tags?post=493104"}],"curies":[{"name":"wp","href":"https:\/\/api.w.org\/{rel}","templated":true}]}}