{"id":493109,"date":"2025-10-27T12:18:19","date_gmt":"2025-10-27T12:18:19","guid":{"rendered":"https:\/\/www.europesays.com\/fr\/493109\/"},"modified":"2025-10-27T12:18:19","modified_gmt":"2025-10-27T12:18:19","slug":"allemagne-le-moral-des-patrons-allemands-repart-en-octobre-mais-la-confiance-envers-le-gouvernement-vacille-27-10-2025-a-1159","status":"publish","type":"post","link":"https:\/\/www.europesays.com\/fr\/493109\/","title":{"rendered":"Allemagne: le moral des patrons allemands repart en octobre, mais la confiance envers le gouvernement vacille &#8211; 27\/10\/2025 \u00e0 11:59"},"content":{"rendered":"<p>\n Le moral des chefs d&rsquo;entreprises allemands s&rsquo;est l\u00e9g\u00e8rement redress\u00e9 en octobre, port\u00e9 par de meilleures attentes notamment dans l&rsquo;industrie, bien que les entreprises expriment leurs doutes quant aux r\u00e9formes promises par le gouvernement pour cet automne.\n<\/p>\n<p>        <img fetchpriority=\"high\" decoding=\"async\" src=\"https:\/\/www.europesays.com\/fr\/wp-content\/uploads\/2025\/10\/7b5d1ad66845334b6e1e436ad0c80f9b-760x467.jpg\" alt=\"( AFP \/ JOHN MACDOUGALL )\" loading=\"eager\" width=\"760\" height=\"467\" style=\"max-width: 100%!important; height: auto;\"\/><\/p>\n<p class=\"c-image-news__legend\">( AFP \/ JOHN MACDOUGALL )<\/p>\n<p>\n Le barom\u00e8tre Ifo, qui mesure le climat des affaires en Allemagne, s&rsquo;est \u00e9tabli \u00e0 88,4 points, en augmentation de 0,7 point par rapport \u00e0 septembre, selon un communiqu\u00e9 publi\u00e9 lundi.\n<\/p>\n<p>\n Cela signe une l\u00e9g\u00e8re reprise de cet indicateur scrut\u00e9 par le milieu des affaires, qui avait grimp\u00e9 pendant huit mois d&rsquo;affil\u00e9e avant de chuter en septembre.\n<\/p>\n<p>\n \u00ab\u00a0La raison [de cette embellie] est des attentes meilleures pour les mois \u00e0 venir\u00a0\u00bb, en particulier dans l&rsquo;industrie manufacturi\u00e8re o\u00f9 la \u00ab\u00a0baisse des nouvelles commandes a cess\u00e9\u00a0\u00bb, a d\u00e9clar\u00e9 le pr\u00e9sident de l&rsquo;Ifo, Clemens Fuest, dans le communiqu\u00e9.\n<\/p>\n<p>\n Les secteurs des services et du commerce se montrent aussi plus optimistes pour les mois \u00e0 venir, contrairement au secteur de la construction, plomb\u00e9 par le manque de commandes.\n<\/p>\n<p>\n En revanche, la situation actuelle des affaires, autre composante de l&rsquo;indicateur, a \u00e9t\u00e9 jug\u00e9e moins bonne, notamment dans le secteur manufacturier et le commerce.\n<\/p>\n<p>\n Jens-Oliver Niklasch, analyste de la banque LBBW, indique qu&rsquo;il n&rsquo;est \u00ab\u00a0pas facile de partager l&rsquo;optimisme\u00a0\u00bb d\u00e9fendu par l&rsquo;Ifo, \u00ab\u00a0car les donn\u00e9es \u00e9conomiques r\u00e9centes ont \u00e9t\u00e9 majoritairement d\u00e9favorables\u00a0\u00bb.\n<\/p>\n<p>\n L&rsquo;office statistique Destatis publie jeudi une premi\u00e8re estimation du Produit int\u00e9rieur brut pour le troisi\u00e8me trimestre. Les analystes sond\u00e9s par Factset tablent sur un l\u00e9ger rebond de 0,1% apr\u00e8s le recul de 0,3% accus\u00e9 au deuxi\u00e8me trimestre.\n<\/p>\n<p>\n Le scepticisme demeure toutefois sur le terrain. Dans un sondage publi\u00e9 en octobre par la F\u00e9d\u00e9ration allemande des petites et moyennes entreprises (BVMW), plus de 81 % des PME ont jug\u00e9 qu&rsquo;aucune am\u00e9lioration concr\u00e8te n&rsquo;\u00e9tait \u00e0 attendre des annonces de r\u00e9formes du gouvernement Merz.\n<\/p>\n<p>\n Les chefs d&rsquo;entreprise r\u00e9clament, au-del\u00e0 de la symbolique de sommets de crise comme dans l&rsquo;automobile, des mesures tangibles, notamment une forte r\u00e9duction de la bureaucratie, sous peine d&rsquo;\u00e9touffer le tissu des PME, colonne vert\u00e9brale du pays.\n<\/p>\n<p>\n D\u00e9j\u00e0 plomb\u00e9e par les droits de douane, l&rsquo;industrie allemande, l&rsquo;automobile en premier, redoute d\u00e9sormais la possible p\u00e9nurie de semi-conducteurs produits par le n\u00e9erlandais Nexperia en Europe et qui passent par la Chine.\n<\/p>\n<p>\n P\u00e9kin a interdit la r\u00e9exportation de ces composants vers l&rsquo;Europe alors que les Pays-Bas ont repris le contr\u00f4le de Nexperia fin septembre pour des raisons de s\u00e9curit\u00e9 nationale.<\/p>\n","protected":false},"excerpt":{"rendered":"Le moral des chefs d&rsquo;entreprises allemands s&rsquo;est l\u00e9g\u00e8rement redress\u00e9 en octobre, port\u00e9 par de meilleures attentes notamment dans&hellip;\n","protected":false},"author":2,"featured_media":493110,"comment_status":"","ping_status":"","sticky":false,"template":"","format":"standard","meta":{"footnotes":""},"categories":[1587],"tags":[400,11,672,398,408,1804,405,1805,1803,1777,674,1801,403,402,399,404,12,1802,401,406,407],"class_list":{"0":"post-493109","1":"post","2":"type-post","3":"status-publish","4":"format-standard","5":"has-post-thumbnail","7":"category-allemagne","8":"tag-action-cac-40","9":"tag-actualites","10":"tag-allemagne","11":"tag-bourse-de-paris","12":"tag-boursorama","13":"tag-bundesrepublik-deutschland","14":"tag-cotations","15":"tag-de","16":"tag-deutschland","17":"tag-eu","18":"tag-europe","19":"tag-germany","20":"tag-indices-devises","21":"tag-investir","22":"tag-investissement","23":"tag-marche-boursier","24":"tag-news","25":"tag-republique-federale-dallemagne","26":"tag-sicav","27":"tag-trackers","28":"tag-warrants"},"share_on_mastodon":{"url":"https:\/\/pubeurope.com\/@fr\/115446095964080683","error":""},"_links":{"self":[{"href":"https:\/\/www.europesays.com\/fr\/wp-json\/wp\/v2\/posts\/493109","targetHints":{"allow":["GET"]}}],"collection":[{"href":"https:\/\/www.europesays.com\/fr\/wp-json\/wp\/v2\/posts"}],"about":[{"href":"https:\/\/www.europesays.com\/fr\/wp-json\/wp\/v2\/types\/post"}],"author":[{"embeddable":true,"href":"https:\/\/www.europesays.com\/fr\/wp-json\/wp\/v2\/users\/2"}],"replies":[{"embeddable":true,"href":"https:\/\/www.europesays.com\/fr\/wp-json\/wp\/v2\/comments?post=493109"}],"version-history":[{"count":0,"href":"https:\/\/www.europesays.com\/fr\/wp-json\/wp\/v2\/posts\/493109\/revisions"}],"wp:featuredmedia":[{"embeddable":true,"href":"https:\/\/www.europesays.com\/fr\/wp-json\/wp\/v2\/media\/493110"}],"wp:attachment":[{"href":"https:\/\/www.europesays.com\/fr\/wp-json\/wp\/v2\/media?parent=493109"}],"wp:term":[{"taxonomy":"category","embeddable":true,"href":"https:\/\/www.europesays.com\/fr\/wp-json\/wp\/v2\/categories?post=493109"},{"taxonomy":"post_tag","embeddable":true,"href":"https:\/\/www.europesays.com\/fr\/wp-json\/wp\/v2\/tags?post=493109"}],"curies":[{"name":"wp","href":"https:\/\/api.w.org\/{rel}","templated":true}]}}