{"id":493113,"date":"2025-10-27T12:20:18","date_gmt":"2025-10-27T12:20:18","guid":{"rendered":"https:\/\/www.europesays.com\/fr\/493113\/"},"modified":"2025-10-27T12:20:18","modified_gmt":"2025-10-27T12:20:18","slug":"decouvrir-lue-a-18-ans-5540-billets-pour-voyager-en-train-gratuitement","status":"publish","type":"post","link":"https:\/\/www.europesays.com\/fr\/493113\/","title":{"rendered":"D\u00e9couvrir l&rsquo;UE \u00e0 18 ans: 5540 billets pour voyager en train gratuitement"},"content":{"rendered":"<p>L\u2019Union europ\u00e9enne <a href=\"https:\/\/mistertravel.news\/2024\/04\/19\/35-000-billets-gratuits-pour-decouvrir-lue-des-jeunes-sur-les-rails\/\" target=\"_blank\" rel=\"noopener\">renouvelle<\/a> l\u2019initiative <a href=\"https:\/\/youth.europa.eu\/discovereu_fr\" target=\"_blank\" rel=\"noopener\">DiscoverEU<\/a>, dans le cadre du programme Erasmus+, pour c\u00e9l\u00e9brer le quaranti\u00e8me anniversaire de l\u2019accord de Schengen, qui a ouvert les fronti\u00e8res int\u00e9rieures du continent aux citoyens des \u00c9tats membres. Au total, 40 000 pass seront distribu\u00e9s pour voyager gratuitement en train dans toute l\u2019Europe, pour des dur\u00e9es allant d\u2019un jour \u00e0 un mois.<\/p>\n<p>L\u2019initiative DiscoverEU s\u2019adresse aux jeunes n\u00e9s entre le 1er janvier et le 31 d\u00e9cembre 2007<\/p>\n<p>Du 30 octobre au 13 novembre, les jeunes pourront postuler au programme pour voyager dans tous les \u00c9tats membres de l\u2019Union europ\u00e9enne, ainsi qu\u2019en Islande, au Liechtenstein, en Mac\u00e9doine du Nord, en Norv\u00e8ge, en Serbie et en Turquie, avec un seul pass, sans avoir \u00e0 acheter de billet.<\/p>\n<p>Le voyage, d\u2019une dur\u00e9e maximale de trente jours, pourra d\u00e9buter le 1er mars 2026, il se fera exclusivement en train (seconde classe ou classe \u00e9conomique), \u00e0 \u200b\u200bl\u2019exception des personnes r\u00e9sidant sur des \u00eeles ou dans des zones recul\u00e9es, et uniquement pour les trajets initiaux et finaux.<\/p>\n<p>La s\u00e9lection<\/p>\n<p>La <a href=\"https:\/\/youth.europa.eu\/discovereu\/rules_fr\" target=\"_blank\" rel=\"noopener\">proc\u00e9dure<\/a> est simple. On doit d\u2019abord fournir la date de naissance, le lieu de r\u00e9sidence et le nationalit\u00e9 pour confirmer que l\u2019on remplit les conditions. Ensuite, il faudra indiquer si on voyage seul ou en groupe. On a besoin d\u2019une adresse e-mail et d\u2019une pi\u00e8ce d\u2019identit\u00e9 valide, comme une carte d\u2019identit\u00e9, un passeport ou un titre de s\u00e9jour.<\/p>\n<p>Les 40 000 laissez-passer seront attribu\u00e9s selon un syst\u00e8me de quotas, garantissant ainsi aux jeunes de tous les pays la possibilit\u00e9 de voyager. Le nombre de quotas est proportionnel \u00e0 la population de chaque pays : par exemple, l\u2019Allemagne en compte le plus (6 837), suivie de la France (5 540) et de l\u2019Italie (4 888).<\/p>\n<p>Les participants s\u00e9lectionn\u00e9s recevront \u00e9galement une carte de r\u00e9duction leur permettant de b\u00e9n\u00e9ficier de tarifs r\u00e9duits sur l\u2019h\u00e9bergement, les \u00e9v\u00e9nements culturels et sportifs, ainsi que sur les transports locaux.<\/p>\n<p>Le quiz<\/p>\n<p>Les candidats remplissant les conditions requises devront r\u00e9pondre \u00e0 un questionnaire de cinq questions \u00e0 choix multiples sur l\u2019Union europ\u00e9enne et ses initiatives jeunesse. Cette \u00e9tape sera suivie d\u2019une question de d\u00e9partage, \u00e0 laquelle les candidats devront fournir une estimation de la r\u00e9ponse.<\/p>\n<p>Et aussi sur MisterTravel:<\/p>\n<blockquote class=\"wp-embedded-content\" data-secret=\"1jxmT4bren\">\n<p><a href=\"https:\/\/mistertravel.news\/2024\/04\/19\/35-000-billets-gratuits-pour-decouvrir-lue-des-jeunes-sur-les-rails\/\" target=\"_blank\" rel=\"noopener\">35 000 billets gratuits pour d\u00e9couvrir l\u2019UE: \u00e0 18 ans on est d\u00e9j\u00e0 sur les rails!<\/a><\/p>\n<\/blockquote>\n<p>\u00a0<\/p>\n<p>\u00a0<\/p>\n<p>\u00a0<\/p>\n","protected":false},"excerpt":{"rendered":"L\u2019Union europ\u00e9enne renouvelle l\u2019initiative DiscoverEU, dans le cadre du programme Erasmus+, pour c\u00e9l\u00e9brer le quaranti\u00e8me anniversaire de l\u2019accord&hellip;\n","protected":false},"author":2,"featured_media":493114,"comment_status":"","ping_status":"","sticky":false,"template":"","format":"standard","meta":{"footnotes":""},"categories":[1586],"tags":[11,61600,61601,1777,674,1779,1011,27,61602,12,6820,25,926,1778,364,61603],"class_list":{"0":"post-493113","1":"post","2":"type-post","3":"status-publish","4":"format-standard","5":"has-post-thumbnail","7":"category-europe","8":"tag-actualites","9":"tag-billets-gratuits","10":"tag-discoverue","11":"tag-eu","12":"tag-europe","13":"tag-european-union","14":"tag-fr","15":"tag-france","16":"tag-lue-a-18-ans","17":"tag-news","18":"tag-rail","19":"tag-republique-francaise","20":"tag-train","21":"tag-ue","22":"tag-union-europeenne","23":"tag-voyager-en-train-gratuitement"},"share_on_mastodon":{"url":"https:\/\/pubeurope.com\/@fr\/115446102420801276","error":""},"_links":{"self":[{"href":"https:\/\/www.europesays.com\/fr\/wp-json\/wp\/v2\/posts\/493113","targetHints":{"allow":["GET"]}}],"collection":[{"href":"https:\/\/www.europesays.com\/fr\/wp-json\/wp\/v2\/posts"}],"about":[{"href":"https:\/\/www.europesays.com\/fr\/wp-json\/wp\/v2\/types\/post"}],"author":[{"embeddable":true,"href":"https:\/\/www.europesays.com\/fr\/wp-json\/wp\/v2\/users\/2"}],"replies":[{"embeddable":true,"href":"https:\/\/www.europesays.com\/fr\/wp-json\/wp\/v2\/comments?post=493113"}],"version-history":[{"count":0,"href":"https:\/\/www.europesays.com\/fr\/wp-json\/wp\/v2\/posts\/493113\/revisions"}],"wp:featuredmedia":[{"embeddable":true,"href":"https:\/\/www.europesays.com\/fr\/wp-json\/wp\/v2\/media\/493114"}],"wp:attachment":[{"href":"https:\/\/www.europesays.com\/fr\/wp-json\/wp\/v2\/media?parent=493113"}],"wp:term":[{"taxonomy":"category","embeddable":true,"href":"https:\/\/www.europesays.com\/fr\/wp-json\/wp\/v2\/categories?post=493113"},{"taxonomy":"post_tag","embeddable":true,"href":"https:\/\/www.europesays.com\/fr\/wp-json\/wp\/v2\/tags?post=493113"}],"curies":[{"name":"wp","href":"https:\/\/api.w.org\/{rel}","templated":true}]}}