{"id":493121,"date":"2025-10-27T12:29:16","date_gmt":"2025-10-27T12:29:16","guid":{"rendered":"https:\/\/www.europesays.com\/fr\/493121\/"},"modified":"2025-10-27T12:29:16","modified_gmt":"2025-10-27T12:29:16","slug":"plusieurs-clubs-de-top-14-veulent-signer-le-springbok-dan-du-preez","status":"publish","type":"post","link":"https:\/\/www.europesays.com\/fr\/493121\/","title":{"rendered":"Plusieurs clubs de Top 14 veulent signer le Springbok Dan du Preez"},"content":{"rendered":"<p style=\"text-align: justify;\"><strong>TRANSFERTS \u2013 Selon Rugby Pass, le Springbok Dan du Preez est courtis\u00e9 par plusieurs clubs de Top 14, et notamment le RC Toulon.\u00a0<\/strong><\/p>\n<p style=\"text-align: justify;\">La saison prochaine, les fr\u00e8res <strong>du<\/strong> <strong>Preez<\/strong> seront au moins deux en Top 14. Il y a quelques semaines, <strong>Jean-Luc Du Preez<\/strong>, troisi\u00e8me ligne de 30 ans, s\u2019est engag\u00e9 avec l\u2019<strong>Union Bordeaux-B\u00e8gles<\/strong> pour plusieurs saisons. Son grand fr\u00e8re, <strong>Rob Du Preez<\/strong>, qui \u00e9volue chez les <strong>Sharks<\/strong> dans la ligne de trois-quarts, a lui donn\u00e9 son accord \u00e0 l\u2019Aviron Bayonnais.<\/p>\n<p><a href=\"https:\/\/dicodusport.fr\/blog\/transferts-rob-du-preez-signe-en-top-14\/\" class=\"vlp-link\" title=\"Transferts : Rob du Preez signe en Top 14\" target=\"_blank\" rel=\"noopener\"><img loading=\"lazy\" decoding=\"async\" style=\"max-width: 792px;\" width=\"792\" height=\"445\" class=\"attachment-800x445 size-800x445 perfmatters-lazy\" alt=\"Transferts Rob du Preez signe en Top 14\" src=\"https:\/\/www.europesays.com\/fr\/wp-content\/uploads\/2025\/10\/Transferts-Rob-du-Preez-signe-en-Top-14.png\"  data-\/><\/p>\n<p>Transferts : Rob du Preez signe en Top 14<\/p>\n<p>TRANSFERTS &#8211; L\u2019Aviron Bayonnais officialise la signature de l\u2019ouvreur sud-africain Rob du Preez, en provenance des Sale Sharks, pour renforcer son attaque.\u00a0<\/p>\n<p>Lire l&rsquo;article<\/p>\n<p>dicodusport.fr<\/p>\n<p>Toulon pousse pour Dan Du Preez<\/p>\n<p style=\"text-align: justify;\">Et il pourrait m\u00eame y avoir les trois fr\u00e8res <strong>du<\/strong> <strong>Preez<\/strong> ensemble en Top 14 dans quelques mois. <strong>Dan<\/strong> <strong>du<\/strong> <strong>Preez<\/strong>, le jumeau <strong>de Jean-Luc,<\/strong> est, lui aussi, en fin de bail avec les <strong>Sale<\/strong> <strong>Sharks<\/strong>. Le troisi\u00e8me ligne centre, aux huit s\u00e9lections avec l\u2019Afrique du Sud, serait ouvert \u00e0 un nouveau challenge selon nos confr\u00e8res anglais.<\/p>\n<p style=\"text-align: justify;\">Le RC Toulon, qui a pourtant <strong>Zach<\/strong> <strong>Mercer<\/strong> sous contrat pour plusieurs saisons, ferait le forcing pour s\u2019offrir <strong>Dan<\/strong> <strong>du Preez<\/strong>. Mais le club varois ne serait pas la seule formation int\u00e9ress\u00e9e par son profil. Si le nom des autres clubs n\u2019a pas filtr\u00e9, une \u00e9quipe comme <a href=\"https:\/\/dicodusport.fr\/blog\/transferts-mhr-avenir-incertain-pour-billy-vunipola\/\" target=\"_blank\" rel=\"noopener\">Montpellier, qui pourrait perdre <strong>Billy<\/strong> <strong>Vunipola<\/strong><\/a>, pourrait \u00eatre sur le coup.<\/p>\n<p>\u00c0 lire aussi<br \/>\n<a href=\"https:\/\/dicodusport.fr\/blog\/transferts-tom-willis-va-bien-faire-son-retour-en-top-14\/\" class=\"vlp-link\" title=\"Transferts : Tom Willis va bien faire son retour en Top 14\" target=\"_blank\" rel=\"noopener\"><img loading=\"lazy\" decoding=\"async\" style=\"max-width: 792px;\" width=\"792\" height=\"445\" class=\"attachment-800x445 size-800x445 perfmatters-lazy\" alt=\"\" src=\"https:\/\/www.europesays.com\/fr\/wp-content\/uploads\/2025\/10\/Transferts-Tom-Willis-va-bien-faire-son-retour-en-Top-14.png\"  data-\/><\/p>\n<p>Transferts : Tom Willis va bien faire son retour en Top 14<\/p>\n<p>Selon The Telegraph, Tom Willis va faire son retour \u00e0 l&rsquo;Union Bordeaux-B\u00e8gles \u00e0 compter de la saison 2026-2027.<\/p>\n<p>Lire l&rsquo;article<\/p>\n<p>dicodusport.fr<\/p>\n","protected":false},"excerpt":{"rendered":"TRANSFERTS \u2013 Selon Rugby Pass, le Springbok Dan du Preez est courtis\u00e9 par plusieurs clubs de Top 14,&hellip;\n","protected":false},"author":2,"featured_media":493122,"comment_status":"","ping_status":"","sticky":false,"template":"","format":"standard","meta":{"footnotes":""},"categories":[1416],"tags":[2113,1011,27,479,1468,60,478,477],"class_list":{"0":"post-493121","1":"post","2":"type-post","3":"status-publish","4":"format-standard","5":"has-post-thumbnail","7":"category-rugby","8":"tag-breve","9":"tag-fr","10":"tag-france","11":"tag-rugby","12":"tag-rugby-football","13":"tag-sports","14":"tag-top-14","15":"tag-transferts-rugby"},"share_on_mastodon":{"url":"https:\/\/pubeurope.com\/@fr\/115446138394907870","error":""},"_links":{"self":[{"href":"https:\/\/www.europesays.com\/fr\/wp-json\/wp\/v2\/posts\/493121","targetHints":{"allow":["GET"]}}],"collection":[{"href":"https:\/\/www.europesays.com\/fr\/wp-json\/wp\/v2\/posts"}],"about":[{"href":"https:\/\/www.europesays.com\/fr\/wp-json\/wp\/v2\/types\/post"}],"author":[{"embeddable":true,"href":"https:\/\/www.europesays.com\/fr\/wp-json\/wp\/v2\/users\/2"}],"replies":[{"embeddable":true,"href":"https:\/\/www.europesays.com\/fr\/wp-json\/wp\/v2\/comments?post=493121"}],"version-history":[{"count":0,"href":"https:\/\/www.europesays.com\/fr\/wp-json\/wp\/v2\/posts\/493121\/revisions"}],"wp:featuredmedia":[{"embeddable":true,"href":"https:\/\/www.europesays.com\/fr\/wp-json\/wp\/v2\/media\/493122"}],"wp:attachment":[{"href":"https:\/\/www.europesays.com\/fr\/wp-json\/wp\/v2\/media?parent=493121"}],"wp:term":[{"taxonomy":"category","embeddable":true,"href":"https:\/\/www.europesays.com\/fr\/wp-json\/wp\/v2\/categories?post=493121"},{"taxonomy":"post_tag","embeddable":true,"href":"https:\/\/www.europesays.com\/fr\/wp-json\/wp\/v2\/tags?post=493121"}],"curies":[{"name":"wp","href":"https:\/\/api.w.org\/{rel}","templated":true}]}}