{"id":493127,"date":"2025-10-27T12:35:10","date_gmt":"2025-10-27T12:35:10","guid":{"rendered":"https:\/\/www.europesays.com\/fr\/493127\/"},"modified":"2025-10-27T12:35:10","modified_gmt":"2025-10-27T12:35:10","slug":"les-mots-de-vinicius-a-xabi-alonso-lors-de-sa-sortie-contre-le-barca-liga-j10-real-madrid-fc-barcelone-2-1","status":"publish","type":"post","link":"https:\/\/www.europesays.com\/fr\/493127\/","title":{"rendered":"Les mots de Vin\u00edcius \u00e0 Xabi Alonso lors de sa sortie contre le Bar\u00e7a &#8211; Liga &#8211; J10 &#8211; Real Madrid-FC Barcelone (2-1)"},"content":{"rendered":"<p>Sympa, l\u2019ambiance \u00e0 Madrid.<\/p>\n<p>Ce dimanche apr\u00e8s-midi, <a target=\"_blank\" href=\"https:\/\/www.sofoot.com\/articles\/liga-le-real-madrid-simpose-face-a-un-faible-fc-barcelone\" rel=\"nofollow noopener\">le Real Madrid a enfin remport\u00e9 un Cl\u00e1sico face au FC Barcelone<\/a> (2-1), <strong>le premier de Kylian Mbapp\u00e9 depuis son arriv\u00e9e au club<\/strong> \u00e0 l\u2019\u00e9t\u00e9 2024. Une rencontre marqu\u00e9e par de grosses tensions en fin de rencontre, mais aussi par <strong>la sortie houleuse de Vin\u00edcius Junior<\/strong>. Remplac\u00e9 \u00e0 20 minutes de la fin du match, <a target=\"_blank\" href=\"https:\/\/www.sofoot.com\/breves\/liga-vincius-furieux-de-se-faire-remplacer-durant-le-Cl%C3%A1sico-face-au-fc-barcelone\" rel=\"nofollow noopener\">l\u2019attaquant br\u00e9silien n\u2019a pas pu retenir sa frustration<\/a>. Et le diffuseur DAZN Espagne en a rajout\u00e9 une couche dans la soir\u00e9e.<\/p>\n<p>Xabi Alonso \u00e9vacue la pol\u00e9mique<\/p>\n<p>Gr\u00e2ce \u00e0 une cam\u00e9ra isol\u00e9e, <strong>DAZN a pu capter les paroles de Vini <\/strong>: \u00ab\u00a0Moi ? Moi, coach ?, s\u2019est-il d\u2019abord \u00e9tonn\u00e9, avant de p\u00e9ter les plombs. C\u2019est toujours moi. Je vais quitter l\u2019\u00e9quipe, je pars, je pr\u00e9f\u00e8re partir.\u00a0\u00bb<\/p>\n<p><strong>D\u00e9j\u00e0 impliqu\u00e9 dans une dispute avec Lamine Yamal<\/strong>, le num\u00e9ro 7 madril\u00e8ne s\u2019est illustr\u00e9 par quelques mots doux balanc\u00e9s \u00e0 son coach Xabi Alonso lors de sa sortie\u00a0: \u00ab\u00a0Va te faire foutre\u00a0\u00bb, s\u2019est-il exclam\u00e9, avant de rentrer furieux aux vestiaires. Une situation que <a target=\"_blank\" href=\"https:\/\/www.sofoot.com\/breves\/liga-la-reponse-de-xabi-alonso-a-la-colere-de-vinicius-apres-son-remplacement-lors-du-Cl%C3%A1sico-face-au-fc-barcelone\" rel=\"nofollow noopener\">le coach espagnol a rapidement \u00e9vacu\u00e9e<\/a> en conf\u00e9rence d\u2019apr\u00e8s-match\u00a0: \u00ab\u00a0Concernant ce qu\u2019il s\u2019est pass\u00e9 avec Vin\u00edcius, nous en parlerons en priv\u00e9.\u00a0\u00bb<\/p>\n<p><a target=\"_blank\" href=\"https:\/\/www.sofoot.com\/breves\/les-saoudiens-proposeraient-un-nouveau-pont-dor-a-vinicius-junior\" rel=\"nofollow noopener\">L\u2019Arabie saoudite se frotte les mains.<\/a><\/p>\n<p>\t\t\t\t\t\t\t\t\t\t<a class=\"lien-connexe\" href=\"https:\/\/www.sofoot.com\/breves\/liga-jude-bellingham-soffre-un-record-de-precocite-apres-la-victoire-madrilene-dans-le-clasico-face-au-fc-barcelone\" rel=\"nofollow noopener\" target=\"_blank\">Jude Bellingham s\u2019offre un record de pr\u00e9cocit\u00e9<\/a>\t\t\t\t\t<\/p>\n","protected":false},"excerpt":{"rendered":"Sympa, l\u2019ambiance \u00e0 Madrid. Ce dimanche apr\u00e8s-midi, le Real Madrid a enfin remport\u00e9 un Cl\u00e1sico face au FC&hellip;\n","protected":false},"author":2,"featured_media":493128,"comment_status":"","ping_status":"","sticky":false,"template":"","format":"standard","meta":{"footnotes":""},"categories":[1410],"tags":[47,61,69,65,64,63,1011,27,68,66,62,70,67,60],"class_list":{"0":"post-493127","1":"post","2":"type-post","3":"status-publish","4":"format-standard","5":"has-post-thumbnail","7":"category-football","8":"tag-actualite","9":"tag-actus-football","10":"tag-bundesliga","11":"tag-championnats-europeens","12":"tag-equipe-de-france","13":"tag-football","14":"tag-fr","15":"tag-france","16":"tag-ligua","17":"tag-ligue-1","18":"tag-news-foot","19":"tag-premier-league","20":"tag-serie-a","21":"tag-sports"},"share_on_mastodon":{"url":"https:\/\/pubeurope.com\/@fr\/115446161558826845","error":""},"_links":{"self":[{"href":"https:\/\/www.europesays.com\/fr\/wp-json\/wp\/v2\/posts\/493127","targetHints":{"allow":["GET"]}}],"collection":[{"href":"https:\/\/www.europesays.com\/fr\/wp-json\/wp\/v2\/posts"}],"about":[{"href":"https:\/\/www.europesays.com\/fr\/wp-json\/wp\/v2\/types\/post"}],"author":[{"embeddable":true,"href":"https:\/\/www.europesays.com\/fr\/wp-json\/wp\/v2\/users\/2"}],"replies":[{"embeddable":true,"href":"https:\/\/www.europesays.com\/fr\/wp-json\/wp\/v2\/comments?post=493127"}],"version-history":[{"count":0,"href":"https:\/\/www.europesays.com\/fr\/wp-json\/wp\/v2\/posts\/493127\/revisions"}],"wp:featuredmedia":[{"embeddable":true,"href":"https:\/\/www.europesays.com\/fr\/wp-json\/wp\/v2\/media\/493128"}],"wp:attachment":[{"href":"https:\/\/www.europesays.com\/fr\/wp-json\/wp\/v2\/media?parent=493127"}],"wp:term":[{"taxonomy":"category","embeddable":true,"href":"https:\/\/www.europesays.com\/fr\/wp-json\/wp\/v2\/categories?post=493127"},{"taxonomy":"post_tag","embeddable":true,"href":"https:\/\/www.europesays.com\/fr\/wp-json\/wp\/v2\/tags?post=493127"}],"curies":[{"name":"wp","href":"https:\/\/api.w.org\/{rel}","templated":true}]}}