{"id":493129,"date":"2025-10-27T12:36:16","date_gmt":"2025-10-27T12:36:16","guid":{"rendered":"https:\/\/www.europesays.com\/fr\/493129\/"},"modified":"2025-10-27T12:36:16","modified_gmt":"2025-10-27T12:36:16","slug":"ca-fait-15-ans-que-ses-confidences-sans-detours-sur-sa-carriere","status":"publish","type":"post","link":"https:\/\/www.europesays.com\/fr\/493129\/","title":{"rendered":"\u201c\u00c7a fait 15 ans que\u2026\u201d, ses confidences sans d\u00e9tours sur sa carri\u00e8re"},"content":{"rendered":"<p>Par <a class=\"author_recette\" id=\"author_name\" href=\"https:\/\/www.nextplz.fr\/auteur\/mamy\" rel=\"nofollow noopener\" target=\"_blank\">Mamy Yves<br \/>\nRatsimbazafy<\/a> &#8211; Publi\u00e9 le 27 Oct 2025 \u00e0 12:22 &#8211; Modifi\u00e9 le<br \/>\n27 Oct 2025 \u00e0<br \/>\n12:22<\/p>\n<p class=\"article-intro excerpt\">Figure incontournable du service<br \/>\npublic depuis 17 ans, Laurent Delahousse a confi\u00e9 sur France 5<br \/>\nqu\u2019il se faisait violence depuis quinze ans pour pr\u00e9server la<br \/>\nneutralit\u00e9 du 20 heures.<\/p>\n<p>Poids lourd du journalisme t\u00e9l\u00e9vis\u00e9, Laurent Delahousse<br \/>\ncontinue, apr\u00e8s dix-sept ans de pr\u00e9sence sur France T\u00e9l\u00e9visions,<br \/>\nd\u2019incarner la rigueur et <a href=\"https:\/\/www.nextplz.fr\/people\/504859-cyril-feraud-lache-par-france-3-cette-decision-radicale-qui-vient-detre-prise-je-ne-veux-pas\" rel=\"nofollow noopener\" target=\"_blank\"><br \/>\nla constance du service public<\/a>. \u00c0 la t\u00eate du journal du<br \/>\nweek-end et de l\u2019\u00e9mission \u00ab 20h30 le dimanche \u00bb, le<br \/>\njournaliste s\u2019impose en\u00a0 effet comme une valeur s\u00fbre, tant<br \/>\npour les t\u00e9l\u00e9spectateurs que pour sa direction. Pourtant, derri\u00e8re<br \/>\ncette apparente s\u00e9r\u00e9nit\u00e9, l\u2019homme cache un dilemme professionnel :<br \/>\ncelui de devoir constamment freiner ses \u00e9lans personnels pour<br \/>\npr\u00e9server la neutralit\u00e9 absolue exig\u00e9e par son poste.<\/p>\n<p><strong>La<\/strong> retenue comme marque de fabriquedeLaurent<br \/>\nDelahousse<\/p>\n<p>C\u2019est ainsi sur le plateau de \u00ab C \u00e0 Vous \u00bb, diffus\u00e9 vendredi<br \/>\nsoir sur France 5, que le journaliste originaire de Croix, dans le<br \/>\nNord, s\u2019est confi\u00e9 avec franchise. Pour lui, le journal de 20<br \/>\nheures reste un \u00ab rendez-vous sacr\u00e9 \u00bb pour les Fran\u00e7ais.<br \/>\nUn espace de responsabilit\u00e9 et d\u2019\u00e9quilibre dans un paysage<br \/>\nm\u00e9diatique o\u00f9 le journalisme d\u2019opinion s\u2019impose de plus en plus : \u00ab<br \/>\nOn est rentr\u00e9s dans un journalisme d\u2019opinion aujourd\u2019hui. Sur<br \/>\nles plateaux, des gens donnent leur avis sur tout. Nous, on se doit<br \/>\nd\u2019\u00eatre en retenue \u00bb.<\/p>\n<p>Quinze ans de retenue<br \/>\nvolontaire<\/p>\n<p>Cette discipline, Laurent Delahousse l\u2019assume en tout cas<br \/>\npleinement, m\u00eame si elle lui p\u00e8se. \u00ab \u00c7a fait quinze ans que je<br \/>\nme retiens \u00bb confie-t-il ainsi en \u00e9voquant cette impossibilit\u00e9<br \/>\nde livrer ses opinions personnelles sur les grands sujets de<br \/>\nsoci\u00e9t\u00e9. Une contrainte qu\u2019il qualifie sans d\u00e9tour de \u00ab handicap \u00bb,<br \/>\nnon pas par frustration, mais parce qu\u2019elle va \u00e0 l\u2019encontre de<br \/>\nl\u2019instinct naturel du journaliste : celui d\u2019analyser, de commenter,<br \/>\nparfois de s\u2019engager.<\/p>\n<p>Fid\u00e8le \u00e0 sa mission<br \/>\nd\u2019\u00e9quilibre<\/p>\n<p>Laurent Delahousse n\u2019est pas du genre \u00e0 trahir cette exigence<br \/>\nd\u2019impartialit\u00e9. \u00c0 l\u2019inverse de Jean-Pierre Pernaut, qui assumait<br \/>\nvolontiers ses prises de position, le pr\u00e9sentateur du week-end sur<br \/>\nFrance 2 s\u2019en tient strictement \u00e0 la neutralit\u00e9, m\u00eame si le<br \/>\ncontexte m\u00e9diatique actuel pousse \u00e0 plus de personnalisation. \u00ab<br \/>\nC\u2019est aujourd\u2019hui compliqu\u00e9 d\u2019exercer un m\u00e9tier qui est celui<br \/>\nde journaliste, mais de ne pas pouvoir parfois exprimer ses<br \/>\nopinions \u00bb reconna\u00eet-il.<\/p>\n<p>La rigueur avant tout<\/p>\n<p>Malgr\u00e9 cette tension int\u00e9rieure, <a href=\"https:\/\/fr.wikipedia.org\/wiki\/Laurent_Delahousse\" target=\"_blank\" rel=\"nofollow noopener\">Laurent Delahousse<\/a> garde toutefois le cap.<br \/>\nProfessionnel jusqu\u2019au bout, il continue de livrer, chaque<br \/>\nweek-end, un journal mesur\u00e9 et \u00e9quilibr\u00e9. Et c\u2019est peut-\u00eatre l\u00e0,<br \/>\ndans cette retenue ma\u00eetris\u00e9e, que r\u00e9side sa v\u00e9ritable force : celle<br \/>\nd\u2019un journaliste qui, depuis dix-sept ans, pr\u00e9f\u00e8re la rigueur \u00e0 la<br \/>\ntentation du verbe.<\/p>\n","protected":false},"excerpt":{"rendered":"Par Mamy Yves Ratsimbazafy &#8211; Publi\u00e9 le 27 Oct 2025 \u00e0 12:22 &#8211; Modifi\u00e9 le 27 Oct 2025&hellip;\n","protected":false},"author":2,"featured_media":493130,"comment_status":"","ping_status":"","sticky":false,"template":"","format":"standard","meta":{"footnotes":""},"categories":[1359],"tags":[21303,58,59,1011,27,973],"class_list":{"0":"post-493129","1":"post","2":"type-post","3":"status-publish","4":"format-standard","5":"has-post-thumbnail","7":"category-people","8":"tag-buzz_nonli","9":"tag-divertissement","10":"tag-entertainment","11":"tag-fr","12":"tag-france","13":"tag-people"},"share_on_mastodon":{"url":"https:\/\/pubeurope.com\/@fr\/115446165240593183","error":""},"_links":{"self":[{"href":"https:\/\/www.europesays.com\/fr\/wp-json\/wp\/v2\/posts\/493129","targetHints":{"allow":["GET"]}}],"collection":[{"href":"https:\/\/www.europesays.com\/fr\/wp-json\/wp\/v2\/posts"}],"about":[{"href":"https:\/\/www.europesays.com\/fr\/wp-json\/wp\/v2\/types\/post"}],"author":[{"embeddable":true,"href":"https:\/\/www.europesays.com\/fr\/wp-json\/wp\/v2\/users\/2"}],"replies":[{"embeddable":true,"href":"https:\/\/www.europesays.com\/fr\/wp-json\/wp\/v2\/comments?post=493129"}],"version-history":[{"count":0,"href":"https:\/\/www.europesays.com\/fr\/wp-json\/wp\/v2\/posts\/493129\/revisions"}],"wp:featuredmedia":[{"embeddable":true,"href":"https:\/\/www.europesays.com\/fr\/wp-json\/wp\/v2\/media\/493130"}],"wp:attachment":[{"href":"https:\/\/www.europesays.com\/fr\/wp-json\/wp\/v2\/media?parent=493129"}],"wp:term":[{"taxonomy":"category","embeddable":true,"href":"https:\/\/www.europesays.com\/fr\/wp-json\/wp\/v2\/categories?post=493129"},{"taxonomy":"post_tag","embeddable":true,"href":"https:\/\/www.europesays.com\/fr\/wp-json\/wp\/v2\/tags?post=493129"}],"curies":[{"name":"wp","href":"https:\/\/api.w.org\/{rel}","templated":true}]}}