{"id":493135,"date":"2025-10-27T12:40:16","date_gmt":"2025-10-27T12:40:16","guid":{"rendered":"https:\/\/www.europesays.com\/fr\/493135\/"},"modified":"2025-10-27T12:40:16","modified_gmt":"2025-10-27T12:40:16","slug":"kendji-girac-emu-par-la-naissance-de-son-petit-prince-apres-son-accident","status":"publish","type":"post","link":"https:\/\/www.europesays.com\/fr\/493135\/","title":{"rendered":"Kendji Girac \u00e9mu par la naissance de son \u00ab\u00a0petit prince\u00a0\u00bb apr\u00e8s son accident"},"content":{"rendered":"<p>Tout semble aller beaucoup mieux pour Kendji Girac. Le chanteur de 29\u00a0ans est devenu papa pour la seconde fois en mai avec la naissance de <a href=\"https:\/\/www.20minutes.fr\/arts-stars\/people\/4176660-20251002-kendji-girac-devoile-prenom-fils-zayn-malik-louis-tomlinson-devraient-reunir-netflix\" target=\"_blank\" class=\"c-link c-link--is-underlined\" rel=\"noopener\">son fils Darel<\/a>, alors qu\u2019il \u00e9tait d\u00e9j\u00e0 p\u00e8re d\u2019une fillette, Eva Alba, avec sa compagne Soraya. Quelques mois avant de voir sa famille s\u2019agrandir, le musicien a sorti <a href=\"https:\/\/www.20minutes.fr\/arts-stars\/people\/4116420-20241018-kendji-girac-revele-comment-vianney-aide-realiser-album-apres-accident\" target=\"_blank\" class=\"c-link c-link--is-underlined\" rel=\"noopener\">son sixi\u00e8me album studio<\/a>, Vivre\u2026, pour marquer son retour dans la musique apr\u00e8s un \u00e9v\u00e8nement marquant.<\/p>\n<p><a href=\"https:\/\/www.20minutes.fr\/arts-stars\/people\/4098324-20240626-kendji-girac-regrette-vraiment-tout-passe-exprime-video-instagram\" target=\"_blank\" class=\"c-link c-link--is-underlined\" rel=\"noopener\">Kendji Girac<\/a> a en effet surv\u00e9cu l\u2019an dernier \u00e0 une blessure par balle qu\u2019il s\u2019est inflig\u00e9e au thorax sous l\u2019influence de l\u2019alcool et de la coca\u00efne dans la nuit du 21 au 22\u00a0avril. Cet incident semble avoir enseign\u00e9 une pr\u00e9cieuse le\u00e7on de vie au chanteur, qui se dit \u00ab\u00a0sobre\u00a0\u00bb depuis \u00ab\u00a0un an et demi\u00a0\u00bb. S\u2019il assure d\u00e9sormais avoir une \u00ab\u00a0hygi\u00e8ne de vie incroyable\u00a0\u00bb avec une \u00ab\u00a0\u00e9nergie d\u00e9bordante\u00a0\u00bb, Kendji Girac est surtout reconnaissant de l\u2019arriv\u00e9e de son \u00ab\u00a0petit prince\u00a0\u00bb, comme il l\u2019a confi\u00e9 dans le dernier num\u00e9ro de <a href=\"https:\/\/www.instagram.com\/p\/DQOzGBHDcR3\/\" rel=\"nofollow noopener\" target=\"_blank\" class=\"c-link c-link--is-underlined\">50\u2019Inside<\/a> lorsque Isabelle Ithurburu lui a demand\u00e9 si \u00ab\u00a0cette naissance\u00a0\u00bb avait \u00e9t\u00e9 \u00ab\u00a0la meilleure fa\u00e7on de tourner la page\u00a0\u00bb.<\/p>\n<p>\u00ab\u00a0Aussi fort que jamais\u00a0\u00bb<\/p>\n<p>\u00ab\u00a0Bien s\u00fbr, elle est magnifique, la vie\u00a0\u00bb, a-t-il r\u00e9pondu avec \u00e9motion. \u00ab\u00a0Tu imagines, je n\u2019aurais pas pu vivre \u00e7a, ce petit bonheur dans mes bras. Et donc faire le peau \u00e0 peau avec mon gar\u00e7on, c\u2019\u00e9tait un peu l\u2019acceptation de tout \u00e7a et de me dire\u00a0: \u00ab\u00a0Voil\u00e0, maintenant j\u2019ai de la chance. Dieu m\u2019a donn\u00e9 ce b\u00e9b\u00e9-l\u00e0, il m\u2019a donn\u00e9 la vie\u00a0\u00bb\u00a0\u00bb, a-t-il affirm\u00e9, ajoutant que cette nouvelle pr\u00e9sence dans sa famille l\u2019avait rappel\u00e9 \u00e0 l\u2019ordre sur ses responsabilit\u00e9s\u00a0: \u00ab\u00a0Maintenant il n\u2019y a plus qu\u2019\u00e0 \u00eatre pr\u00e9sent pour lui, \u00eatre aussi fort que jamais, et le plus longtemps possible\u00a0\u00bb.<\/p>\n<p>L\u2019ancien vainqueur de The Voice en a aussi profit\u00e9 pour donner un avertissement aux \u00ab\u00a0jeunes\u00a0\u00bb sur les d\u00e9rives de certaines consommations. \u00ab\u00a0J\u2019ai envie de dire aux jeunes de faire attention avec la f\u00eate car on ne voit pas toujours le danger. L\u2019alcool, ce n\u2019est pas ce qu\u2019on croit. Ce n\u2019est pas aussi banal\u00a0\u00bb, a-t-il pr\u00e9venu. L\u2019artiste s\u2019est \u00e9galement ouvert sur ses anciennes \u00ab\u00a0mauvaises habitudes\u00a0\u00bb dans son autobiographie, <a href=\"https:\/\/www.20minutes.fr\/arts-stars\/people\/4176370-20251001-chance-mille-mourir-kendji-girac-raconte-parcours-hors-norme-autobiographie\" target=\"_blank\" class=\"c-link c-link--is-underlined\" rel=\"noopener\">Mi Vida<\/a>, parue en d\u00e9but de mois aux \u00e9ditions Flammarion, dans laquelle il assure avoir \u00ab\u00a0arr\u00eat\u00e9 tous [s] es exc\u00e8s\u00a0\u00bb.<\/p>\n<p><script async src=\"\/\/www.instagram.com\/embed.js\"><\/script><\/p>\n","protected":false},"excerpt":{"rendered":"Tout semble aller beaucoup mieux pour Kendji Girac. Le chanteur de 29\u00a0ans est devenu papa pour la seconde&hellip;\n","protected":false},"author":2,"featured_media":493136,"comment_status":"","ping_status":"","sticky":false,"template":"","format":"standard","meta":{"footnotes":""},"categories":[1355],"tags":[5702,1696,3993,58,59,10599,1011,27,7780,1361,873,973,3074,133],"class_list":{"0":"post-493135","1":"post","2":"type-post","3":"status-publish","4":"format-standard","5":"has-post-thumbnail","7":"category-musique","8":"tag-alcool","9":"tag-chanteur","10":"tag-cocaine","11":"tag-divertissement","12":"tag-entertainment","13":"tag-flammarion","14":"tag-fr","15":"tag-france","16":"tag-kendji-girac","17":"tag-music","18":"tag-musique","19":"tag-people","20":"tag-the-voice","21":"tag-video"},"share_on_mastodon":{"url":"https:\/\/pubeurope.com\/@fr\/115446181173012013","error":""},"_links":{"self":[{"href":"https:\/\/www.europesays.com\/fr\/wp-json\/wp\/v2\/posts\/493135","targetHints":{"allow":["GET"]}}],"collection":[{"href":"https:\/\/www.europesays.com\/fr\/wp-json\/wp\/v2\/posts"}],"about":[{"href":"https:\/\/www.europesays.com\/fr\/wp-json\/wp\/v2\/types\/post"}],"author":[{"embeddable":true,"href":"https:\/\/www.europesays.com\/fr\/wp-json\/wp\/v2\/users\/2"}],"replies":[{"embeddable":true,"href":"https:\/\/www.europesays.com\/fr\/wp-json\/wp\/v2\/comments?post=493135"}],"version-history":[{"count":0,"href":"https:\/\/www.europesays.com\/fr\/wp-json\/wp\/v2\/posts\/493135\/revisions"}],"wp:featuredmedia":[{"embeddable":true,"href":"https:\/\/www.europesays.com\/fr\/wp-json\/wp\/v2\/media\/493136"}],"wp:attachment":[{"href":"https:\/\/www.europesays.com\/fr\/wp-json\/wp\/v2\/media?parent=493135"}],"wp:term":[{"taxonomy":"category","embeddable":true,"href":"https:\/\/www.europesays.com\/fr\/wp-json\/wp\/v2\/categories?post=493135"},{"taxonomy":"post_tag","embeddable":true,"href":"https:\/\/www.europesays.com\/fr\/wp-json\/wp\/v2\/tags?post=493135"}],"curies":[{"name":"wp","href":"https:\/\/api.w.org\/{rel}","templated":true}]}}