{"id":493149,"date":"2025-10-27T12:47:14","date_gmt":"2025-10-27T12:47:14","guid":{"rendered":"https:\/\/www.europesays.com\/fr\/493149\/"},"modified":"2025-10-27T12:47:14","modified_gmt":"2025-10-27T12:47:14","slug":"comment-lindustrie-des-hydrocarbures-sabote-la-lutte-contre-le-changement-climatique-liberation","status":"publish","type":"post","link":"https:\/\/www.europesays.com\/fr\/493149\/","title":{"rendered":"comment l\u2019industrie des hydrocarbures sabote la lutte contre le changement climatique \u2013 Lib\u00e9ration"},"content":{"rendered":"<p class=\"sc-cPiKLX AiZTS text-element\">Voil\u00e0 pourquoi <a href=\"https:\/\/www.liberation.fr\/environnement\/climat\/urgence-climatique-rester-sous-le-seuil-d15-c-de-rechauffement-est-impossible-tranchent-des-scientifiques-20250619_LCSVRQ6MDFEDPMKGNLC4XDHRWY\/\" target=\"_blank\" rel=\"noreferrer nofollow noopener\" title=\"https:\/\/www.liberation.fr\/environnement\/climat\/urgence-climatique-rester-sous-le-seuil-d15-c-de-rechauffement-est-impossible-tranchent-des-scientifiques-20250619_LCSVRQ6MDFEDPMKGNLC4XDHRWY\/\">le d\u00e9passement des 1,5\u00a0\u00b0C de r\u00e9chauffement plan\u00e9taire<\/a> est \u00abd\u00e9sormais in\u00e9vitable\u00bb, comme l\u2019a conc\u00e9d\u00e9 solennellement le secr\u00e9taire g\u00e9n\u00e9ral de l\u2019ONU, <a href=\"https:\/\/www.liberation.fr\/international\/antonio-guterres-un-heraut-contre-le-chaos-climatique-20230919_REBKZRHDZ5FIBPR344KTGAXD2I\/\" target=\"_blank\" rel=\"nofollow noopener\" title=\"https:\/\/www.liberation.fr\/international\/antonio-guterres-un-heraut-contre-le-chaos-climatique-20230919_REBKZRHDZ5FIBPR344KTGAXD2I\/\">Ant\u00f3nio Guterres<\/a>, mercredi 22\u00a0octobre \u00e0 Gen\u00e8ve, devant l\u2019Organisation m\u00e9t\u00e9orologique mondiale des Nations unies. Pourquoi les humains ne parviendront pas \u00e0 respecter l\u2019objectif, <a href=\"https:\/\/unfccc.int\/files\/essential_background\/convention\/application\/pdf\/english_paris_agreement.pdf\" target=\"_blank\" rel=\"nofollow noopener\">inscrit dans l\u2019Accord de Paris<\/a> de\u00a02015, de maintenir l\u2019augmentation de la temp\u00e9rature moyenne mondiale \u00e0 ce seuil (d\u00e9j\u00e0 critique) par rapport aux niveaux pr\u00e9industriels (1850\u20111900). Malgr\u00e9 la multiplication des drames caus\u00e9s par le changement climatique, ma <\/p>\n","protected":false},"excerpt":{"rendered":"Voil\u00e0 pourquoi le d\u00e9passement des 1,5\u00a0\u00b0C de r\u00e9chauffement plan\u00e9taire est \u00abd\u00e9sormais in\u00e9vitable\u00bb, comme l\u2019a conc\u00e9d\u00e9 solennellement le secr\u00e9taire&hellip;\n","protected":false},"author":2,"featured_media":493150,"comment_status":"","ping_status":"","sticky":false,"template":"","format":"standard","meta":{"footnotes":""},"categories":[5],"tags":[11,893,1011,27,35995,33674,14,12,5140,13422,28],"class_list":{"0":"post-493149","1":"post","2":"type-post","3":"status-publish","4":"format-standard","5":"has-post-thumbnail","7":"category-international","8":"tag-actualites","9":"tag-energie","10":"tag-fr","11":"tag-france","12":"tag-gaz-effet-serre","13":"tag-hydrocarbure","14":"tag-international","15":"tag-news","16":"tag-rechauffement-climatique","17":"tag-total","18":"tag-world"},"share_on_mastodon":{"url":"https:\/\/pubeurope.com\/@fr\/115446208728204972","error":""},"_links":{"self":[{"href":"https:\/\/www.europesays.com\/fr\/wp-json\/wp\/v2\/posts\/493149","targetHints":{"allow":["GET"]}}],"collection":[{"href":"https:\/\/www.europesays.com\/fr\/wp-json\/wp\/v2\/posts"}],"about":[{"href":"https:\/\/www.europesays.com\/fr\/wp-json\/wp\/v2\/types\/post"}],"author":[{"embeddable":true,"href":"https:\/\/www.europesays.com\/fr\/wp-json\/wp\/v2\/users\/2"}],"replies":[{"embeddable":true,"href":"https:\/\/www.europesays.com\/fr\/wp-json\/wp\/v2\/comments?post=493149"}],"version-history":[{"count":0,"href":"https:\/\/www.europesays.com\/fr\/wp-json\/wp\/v2\/posts\/493149\/revisions"}],"wp:featuredmedia":[{"embeddable":true,"href":"https:\/\/www.europesays.com\/fr\/wp-json\/wp\/v2\/media\/493150"}],"wp:attachment":[{"href":"https:\/\/www.europesays.com\/fr\/wp-json\/wp\/v2\/media?parent=493149"}],"wp:term":[{"taxonomy":"category","embeddable":true,"href":"https:\/\/www.europesays.com\/fr\/wp-json\/wp\/v2\/categories?post=493149"},{"taxonomy":"post_tag","embeddable":true,"href":"https:\/\/www.europesays.com\/fr\/wp-json\/wp\/v2\/tags?post=493149"}],"curies":[{"name":"wp","href":"https:\/\/api.w.org\/{rel}","templated":true}]}}