{"id":49315,"date":"2025-04-24T13:58:11","date_gmt":"2025-04-24T13:58:11","guid":{"rendered":"https:\/\/www.europesays.com\/fr\/49315\/"},"modified":"2025-04-24T13:58:11","modified_gmt":"2025-04-24T13:58:11","slug":"martin-de-retour-en-espagne-samedi-aucun-pronostic-pour-sa-convalescence","status":"publish","type":"post","link":"https:\/\/www.europesays.com\/fr\/49315\/","title":{"rendered":"Martin de retour en Espagne samedi, aucun pronostic pour sa convalescence"},"content":{"rendered":"<p><a href=\"https:\/\/fr.motorsport.com\/driver\/jorge-martin\/109391\/\" target=\"_blank\" rel=\"noopener nofollow\">Jorge Mart\u00edn<\/a> va pouvoir quitter le Qatar ce week-end, pr\u00e8s de deux semaines apr\u00e8s sa blessure. Alors qu&rsquo;il faisait son retour en MotoGP apr\u00e8s avoir manqu\u00e9 le d\u00e9but de saison en raison d&rsquo;une succession de chutes lors de la pr\u00e9-saison, le champion du monde en titre s&rsquo;est une nouvelle fois bless\u00e9 en tombant pendant la course principale \u00e0 Losail, surtout parce qu&rsquo;il a \u00e9t\u00e9 percut\u00e9 par <a href=\"https:\/\/fr.motorsport.com\/driver\/fabio-di-giannantonio\/289538\/\" target=\"_blank\" rel=\"noopener nofollow\">Fabio Di Giannantonio<\/a>.<\/p>\n<p>Victime d&rsquo;un pneumothorax avec h\u00e9mothorax, \u00e0 savoir un \u00e9panchement d&rsquo;air et de sang dans la cavit\u00e9 pleurale, mais aussi d&rsquo;un total de 11 fractures au niveau des c\u00f4tes, Mart\u00edn a d\u00fb \u00eatre trait\u00e9 avec un drain et <a href=\"https:\/\/fr.motorsport.com\/motogp\/news\/jorge-martin-sorti-hopital-pneumothorax\/10715353\/\" rel=\"nofollow noopener\" target=\"_blank\">n&rsquo;a pu quitter l&rsquo;h\u00f4pital que dimanche dernier<\/a>. Il n&rsquo;\u00e9tait pas encore apte \u00e0 prendre l&rsquo;avion en raison de ses blessures.<\/p>\n<p>Aprilia a annonc\u00e9 qu&rsquo;un vol sera affr\u00e9t\u00e9 samedi, lui permettant de rentrer en Espagne. \u00ab\u00a0La bonne nouvelle est que samedi, \u00e0 cette heure, il sera en mesure de prendre un vol m\u00e9dicalis\u00e9 pour retrouver Madrid\u00a0\u00bb, a d\u00e9clar\u00e9 Massimo Rivola, patron d&rsquo;Aprilia Racing, \u00e0 Jerez ce jeudi apr\u00e8s-midi. \u00ab\u00a0\u00c0 Madrid, il ira \u00e0 l&rsquo;h\u00f4pital Ruber Quir\u00f3n pour des examens. Apr\u00e8s les examens, on conna\u00eetra la situation pr\u00e9cise et on aura peut-\u00eatre une id\u00e9e de la dur\u00e9e de la convalescence.\u00a0\u00bb<\/p>\n<p>\u00ab\u00a0Je pense que son v\u00e9ritable r\u00e9tablissement commencera \u00e0 partir de l\u00e0, \u00e9tant donn\u00e9 qu&rsquo;il sera pr\u00e8s de ses proches\u00a0\u00bb, a ajout\u00e9 l&rsquo;Italien. \u00ab\u00a0Je dois dire cependant que son p\u00e8re Angel et [sa compagne] Maria sont rest\u00e9s aupr\u00e8s de lui, donc il a \u00e9t\u00e9 tr\u00e8s soutenu, mais rentrer \u00e0 la maison aide, c&rsquo;est certain.\u00a0\u00bb<\/p>\n<p>\u00a0<\/p>\n<p>Les examens que Mart\u00edn passera dans les prochains jours donneront une id\u00e9e de la dur\u00e9e de sa convalescence, qui pourrait durer plusieurs mois, mais Rivola pr\u00e9f\u00e8re ne pas avoir d&rsquo;\u00e9ch\u00e9ance en t\u00eate\u00a0: \u00ab\u00a0Nous n&rsquo;en fixons pas pour le moment parce que tant qu&rsquo;il n&rsquo;est pas rentr\u00e9, en esp\u00e9rant que le vol se passe bien, et qu&rsquo;il n&rsquo;a pas fait tous les examens, en esp\u00e9rant que tout soit bon, nous ne pouvons pas envisager de faire des pr\u00e9visions.\u00a0\u00bb<\/p>\n<p>\u00ab\u00a0D&rsquo;une mani\u00e8re g\u00e9n\u00e9rale, j&rsquo;ai tendance \u00e0 dire que Jorge est rapide dans tout ce qu&rsquo;il fait ! M\u00eame pour le scapho\u00efde, [la convalescence] semblait initialement \u00eatre de deux ou trois mois, et il a divis\u00e9 le temp par deux. Ceci \u00e9tant dit, il va falloir attendre, \u00eatre patients.\u00a0\u00bb<\/p>\n<p>\u00ab\u00a0Je pense que la seule chose \u00e0 faire maintenant, c&rsquo;est de le traiter comme un fils\u00a0\u00bb, a insist\u00e9 Rivola. \u00ab\u00a0Je veux qu&rsquo;il revienne quand il sera pr\u00eat et lui faire sentir qu&rsquo;on l&rsquo;aime, qu&rsquo;on reste \u00e0 ses c\u00f4t\u00e9s. C&rsquo;est la premi\u00e8re des priorit\u00e9s.\u00a0\u00bb<\/p>\n<p>Lire aussi :<\/p>\n<p>Lorsqu&rsquo;il est interrog\u00e9 sur ce qui le pr\u00e9occupe le plus entre le moral et la condition physique de sa recrue star, Rivola confie s&rsquo;int\u00e9resser au deux&#8230; sans r\u00e9ellement craindre l&rsquo;avenir : \u00ab\u00a0Pour le moment, sans savoir quels seront les r\u00e9sultats des examens qu&rsquo;il fera \u00e0 Madrid, les deux m&rsquo;inqui\u00e8tent. Je dois dire qu&rsquo;avec un pilote qui a autant d&rsquo;\u00e9nergie, d&rsquo;implication, et si vous voulez avec aussi autant de couilles (sic), franchement, je suis tr\u00e8s optimiste. C&rsquo;est un champion et \u00e7a n&rsquo;est pas un hasard.\u00a0\u00bb<\/p>\n<p>\u00ab\u00a0C&rsquo;est s\u00fbr qu&rsquo;il a des hauts et des bas, mais le caract\u00e8re et l&rsquo;instinct de Jorge en font un combattant\u00a0\u00bb, a-t-il pr\u00e9cis\u00e9.<\/p>\n<p>Le vibreur en cause dans la blessure de Mart\u00edn\u00a0?<\/p>\n<p>Depuis la course au Qatar, Mart\u00edn a donn\u00e9 quelques nouvelles via les r\u00e9seaux sociaux mais ne s&rsquo;est pas exprim\u00e9 sur les causes de sa chute. Tout au long du week-end, l&rsquo;Espagnol \u00e9voquait sa fatigue et <a href=\"https:\/\/fr.motorsport.com\/motogp\/news\/martin-tres-incertain-course-vendredi-prometteur-losail\/10712195\/\" rel=\"nofollow noopener\" target=\"_blank\">son doute quant \u00e0 sa capacit\u00e9 de disputer l&rsquo;int\u00e9gralit\u00e9 du Grand Prix<\/a>, mais Rivola est convaincu qu&rsquo;il g\u00e9rait tr\u00e8s bien la situation avant sa chute et qu&rsquo;il n&rsquo;est \u00ab\u00a0absolument pas\u00a0\u00bb revenu trop t\u00f4t.<\/p>\n<p>\u00ab\u00a0Je pense que c&rsquo;\u00e9tait le bon moment. Il se sentait pr\u00eat, les m\u00e9decins disaient qu&rsquo;il \u00e9tait pr\u00eat. Tout le monde autour de lui, l&rsquo;\u00e9quipe qui l&rsquo;a op\u00e9r\u00e9, disait qu&rsquo;il \u00e9tait pr\u00eat. Le truc, c&rsquo;est que pour prendre le rythme sur une MotoGP, \u00e7a ne se fait qu&rsquo;en pilotant une MotoGP. Si on voit son approche en course, dans les quatre derniers tours il \u00e9tait un peu plus lent que dans les neuf premiers tours. On pense vraiment qu&rsquo;il g\u00e9rait.\u00a0\u00bb<\/p>\n<p>   <img decoding=\"async\" draggable=\"false\" src=\"https:\/\/www.europesays.com\/fr\/wp-content\/uploads\/2025\/04\/1745503091_195_jorge-martin-aprilia-racing-te.jpg\" alt=\"Jorge Martin, Aprilia Racing Team\" width=\"1200\" height=\"800\" loading=\"lazy\"\/> <\/p>\n<p class=\"title\">Jorge Martin, Aprilia Racing Team<\/p>\n<p class=\"photographer\">Photo de: Gold and Goose \/ Motorsport Images<\/p>\n<p>Pour Rivola, la blessure est surtout le r\u00e9sultat d&rsquo;un vibreur qui n&rsquo;a pas la bonne configuration pour le MotoGP\u00a0: \u00ab\u00a0La raison, c&rsquo;est qu&rsquo;il est arriv\u00e9 un petit peu tard dans le virage, il y a un vibreur qui est fait pour les autos et non pour les motos, apr\u00e8s le vibreur il y a du bitume, ce qui est \u00e0 mon avis une grosse erreur car s&rsquo;il y avait de l&rsquo;herbe, le pilote resterait un peu plus \u00e0 l&rsquo;int\u00e9rieur, et voil\u00e0. Mais \u00e7a n&rsquo;est rien d&rsquo;extraordinaire, \u00e7a aurait \u00e9t\u00e9 une glissade presque banale.\u00a0\u00bb<\/p>\n<p>\u00ab\u00a0Quand on roule sur les m\u00eames pistes que la Formule 1, c&rsquo;est difficile d&rsquo;avoir trop d&rsquo;exigences\u00a0\u00bb, a-t-il relativis\u00e9. \u00ab\u00a0On ne peut pas demander \u00e0 changer les vibreurs \u00e0 chaque fois. [&#8230;] C&rsquo;est comme \u00e7a, il faut le prendre en compte quand on [partage un circuit] avec la Formule 1. Actuellement, dans l&rsquo;\u00e9quilibre entre F1 et MotoGP, c&rsquo;est la F1 qui d\u00e9cide ! [rires]\u00a0\u00bb<\/p>\n<p style=\"text-align: right;\">Avec L\u00e9na Buffa<\/p>\n<p>Lire aussi :<\/p>\n<p>Dans cet article<\/p>\n<p>    Vincent Lalanne-Sicaud\n<\/p>\n<p>    MotoGP\n<\/p>\n<p>    Jorge Mart\u00edn\n<\/p>\n<p>    Aprilia Racing Team\n<\/p>\n<p>Soyez le premier inform\u00e9 et souscrivez aux alertes mails pour recevoir les infos en temps r\u00e9el<\/p>\n<p>    S&rsquo;abonner aux alertes de news<\/p>\n","protected":false},"excerpt":{"rendered":"Jorge Mart\u00edn va pouvoir quitter le Qatar ce week-end, pr\u00e8s de deux semaines apr\u00e8s sa blessure. Alors qu&rsquo;il&hellip;\n","protected":false},"author":2,"featured_media":49316,"comment_status":"","ping_status":"","sticky":false,"template":"","format":"standard","meta":{"footnotes":""},"categories":[1412],"tags":[3563,1451,1452,1453,1454,1455,1011,27,3564,1458,60],"class_list":{"0":"post-49315","1":"post","2":"type-post","3":"status-publish","4":"format-standard","5":"has-post-thumbnail","7":"category-f1","8":"tag-aprilia-racing-team","9":"tag-f1","10":"tag-formula-1","11":"tag-formula1","12":"tag-formule-1","13":"tag-formule1","14":"tag-fr","15":"tag-france","16":"tag-jorge-martu00edn","17":"tag-motogp","18":"tag-sports"},"share_on_mastodon":{"url":"https:\/\/pubeurope.com\/@fr\/114393297951406638","error":""},"_links":{"self":[{"href":"https:\/\/www.europesays.com\/fr\/wp-json\/wp\/v2\/posts\/49315","targetHints":{"allow":["GET"]}}],"collection":[{"href":"https:\/\/www.europesays.com\/fr\/wp-json\/wp\/v2\/posts"}],"about":[{"href":"https:\/\/www.europesays.com\/fr\/wp-json\/wp\/v2\/types\/post"}],"author":[{"embeddable":true,"href":"https:\/\/www.europesays.com\/fr\/wp-json\/wp\/v2\/users\/2"}],"replies":[{"embeddable":true,"href":"https:\/\/www.europesays.com\/fr\/wp-json\/wp\/v2\/comments?post=49315"}],"version-history":[{"count":0,"href":"https:\/\/www.europesays.com\/fr\/wp-json\/wp\/v2\/posts\/49315\/revisions"}],"wp:featuredmedia":[{"embeddable":true,"href":"https:\/\/www.europesays.com\/fr\/wp-json\/wp\/v2\/media\/49316"}],"wp:attachment":[{"href":"https:\/\/www.europesays.com\/fr\/wp-json\/wp\/v2\/media?parent=49315"}],"wp:term":[{"taxonomy":"category","embeddable":true,"href":"https:\/\/www.europesays.com\/fr\/wp-json\/wp\/v2\/categories?post=49315"},{"taxonomy":"post_tag","embeddable":true,"href":"https:\/\/www.europesays.com\/fr\/wp-json\/wp\/v2\/tags?post=49315"}],"curies":[{"name":"wp","href":"https:\/\/api.w.org\/{rel}","templated":true}]}}