{"id":493159,"date":"2025-10-27T12:52:18","date_gmt":"2025-10-27T12:52:18","guid":{"rendered":"https:\/\/www.europesays.com\/fr\/493159\/"},"modified":"2025-10-27T12:52:18","modified_gmt":"2025-10-27T12:52:18","slug":"la-megastar-katy-perry-attendue-en-juillet-ouverture-de-la-billetterie-cette-semaine","status":"publish","type":"post","link":"https:\/\/www.europesays.com\/fr\/493159\/","title":{"rendered":"la m\u00e9gastar Katy Perry attendue en juillet, ouverture de la billetterie cette semaine !"},"content":{"rendered":"<p>On va le dire. Nombreux \u00e9taient ceux \u00e0 se d\u00e9sesp\u00e9rer de revoir une t\u00eate d\u2019affiche internationale au programme du Nancy Open Air. Alors oui, il y a eu M\u00e5neskin, <a href=\"https:\/\/www.estrepublicain.fr\/culture-loisirs\/2023\/07\/06\/le-zenith-dans-une-autre-dimension-avec-muse\" target=\"_blank\" rel=\"noopener\">Muse,<\/a> les immenses Imagine Dragons, Rammstein, System of a Down\u2026 Et lorsque l\u2019on a go\u00fbt\u00e9 aux jauges XXL de l\u2019amphith\u00e9\u00e2tre plein air du <a href=\"https:\/\/www.estrepublicain.fr\/p\/zenith-du-grand-nancy\" target=\"_blank\" rel=\"noopener\">Z\u00e9nith du Grand Nancy<\/a>, on en redemande.<\/p>\n<p>Si le cru 2023 a \u00e9t\u00e9 costaud et explosif, vrai que les cuv\u00e9es 2024 et <a href=\"https:\/\/www.estrepublicain.fr\/culture-loisirs\/2025\/06\/09\/nos-plus-belles-photos-des-trois-jours-de-heavy-week-end-2025\" target=\"_blank\" rel=\"noopener\">2025<\/a> ont \u00e9t\u00e9 un poil en retrait avec une programmation exclusivement francophone mais de qualit\u00e9, m\u00eame si le <a href=\"https:\/\/www.estrepublicain.fr\/culture-loisirs\/2025\/06\/07\/heavy-week-end-au-zenith-de-nancy-saxon-et-powerwolf-pour-clore-la-premiere-journee\" target=\"_blank\" rel=\"noopener\">Heavy Week-End<\/a> a finalement apport\u00e9 son lot de stars internationales. La faute \u00e0 des opportunit\u00e9s n\u2019ayant, au final, pas pu d\u00e9boucher sur des dates au Nancy Open Air.<\/p>\n<p>  Belle ann\u00e9e 2026<\/p>\n<p>L\u2019ann\u00e9e 2026 va remettre de l\u2019ordre dans tout \u00e7a. Apr\u00e8s les premiers noms du <a href=\"https:\/\/www.estrepublicain.fr\/culture-loisirs\/2025\/10\/20\/nancy-open-air-le-heavy-week-end-sort-l-artillerie-lourde\" target=\"_blank\" rel=\"noopener\">Heavy Week-End,<\/a> les Productions Label LN l\u00e8vent voile sur une nouvelle artiste. En l\u2019occurrence Katy Perry, actuellement en tourn\u00e9e avec son Lifetimes Tour\u00a0! Sa cinqui\u00e8me tourn\u00e9e mondiale, de 93 concerts dans dix-huit pays, commenc\u00e9e en avril dernier, sept ans apr\u00e8s son Witness\u00a0: the Tour.<\/p>\n<p>L\u2019\u00e9t\u00e9 prochain, l\u2019interpr\u00e8te du plan\u00e9taire I Kissed a Girl \u00a0sera \u00e0 l\u2019affiche de quelques festivals fran\u00e7ais. Annonc\u00e9e aux Vieilles Charrues, les billets pour le jour de son concert, o\u00f9 elle partagera l\u2019affiche avec Gims, se sont \u00e9coul\u00e9s en moins de trente minutes.<\/p>\n<p>Celle qui fait, ce mois-ci, la une des magazines people pour sa relation avec <a href=\"https:\/\/www.estrepublicain.fr\/societe\/2025\/10\/14\/l-idylle-inattendue-entre-katy-perry-et-l-ex-premier-ministre-canadien-justin-trudeau-se-confirme\" target=\"_blank\" rel=\"noopener\">l\u2019ancien Premier ministre canadien Justin Trudeau,<\/a> se posera au Z\u00e9nith du Grand Nancy le dimanche 12\u00a0juillet pour un concert s\u2019annon\u00e7ant d\u00e9j\u00e0 m\u00e9morable\u00a0! Et qui ouvre la voie \u00e0 une s\u00e9quence historique du Nancy Open Air.<\/p>\n<p class=\"note\">Pr\u00e9vente le mercredi 29\u00a0octobre sur <a href=\"https:\/\/www.label-ln.fr\/\" target=\"_blank\" rel=\"noopener\">www.label-ln.fr<\/a>. Mise en vente g\u00e9n\u00e9rale le vendredi\u00a031 \u00e0 10\u00a0h.<\/p>\n","protected":false},"excerpt":{"rendered":"On va le dire. Nombreux \u00e9taient ceux \u00e0 se d\u00e9sesp\u00e9rer de revoir une t\u00eate d\u2019affiche internationale au programme&hellip;\n","protected":false},"author":2,"featured_media":493160,"comment_status":"","ping_status":"","sticky":false,"template":"","format":"standard","meta":{"footnotes":""},"categories":[9635],"tags":[1111,11,1687,3602,1707,1704,1706,1705,10174,1777,674,1011,27,775,3457,873,1702,1703,12,3456,25],"class_list":{"0":"post-493159","1":"post","2":"type-post","3":"status-publish","4":"format-standard","5":"has-post-thumbnail","7":"category-nancy","8":"tag-actu","9":"tag-actualites","10":"tag-culture-loisirs","11":"tag-edition-bar-le-duc","12":"tag-edition-luneville","13":"tag-edition-nancy-et-agglomeration","14":"tag-edition-pont-a-mousson","15":"tag-edition-toul","16":"tag-edition-verdun","17":"tag-eu","18":"tag-europe","19":"tag-fr","20":"tag-france","21":"tag-grand-est","22":"tag-meurthe-et-moselle","23":"tag-musique","24":"tag-nancy","25":"tag-nancy-ville-54b","26":"tag-news","27":"tag-region-lorraine","28":"tag-republique-francaise"},"share_on_mastodon":{"url":"https:\/\/pubeurope.com\/@fr\/115446228208931111","error":""},"_links":{"self":[{"href":"https:\/\/www.europesays.com\/fr\/wp-json\/wp\/v2\/posts\/493159","targetHints":{"allow":["GET"]}}],"collection":[{"href":"https:\/\/www.europesays.com\/fr\/wp-json\/wp\/v2\/posts"}],"about":[{"href":"https:\/\/www.europesays.com\/fr\/wp-json\/wp\/v2\/types\/post"}],"author":[{"embeddable":true,"href":"https:\/\/www.europesays.com\/fr\/wp-json\/wp\/v2\/users\/2"}],"replies":[{"embeddable":true,"href":"https:\/\/www.europesays.com\/fr\/wp-json\/wp\/v2\/comments?post=493159"}],"version-history":[{"count":0,"href":"https:\/\/www.europesays.com\/fr\/wp-json\/wp\/v2\/posts\/493159\/revisions"}],"wp:featuredmedia":[{"embeddable":true,"href":"https:\/\/www.europesays.com\/fr\/wp-json\/wp\/v2\/media\/493160"}],"wp:attachment":[{"href":"https:\/\/www.europesays.com\/fr\/wp-json\/wp\/v2\/media?parent=493159"}],"wp:term":[{"taxonomy":"category","embeddable":true,"href":"https:\/\/www.europesays.com\/fr\/wp-json\/wp\/v2\/categories?post=493159"},{"taxonomy":"post_tag","embeddable":true,"href":"https:\/\/www.europesays.com\/fr\/wp-json\/wp\/v2\/tags?post=493159"}],"curies":[{"name":"wp","href":"https:\/\/api.w.org\/{rel}","templated":true}]}}