{"id":493166,"date":"2025-10-27T12:56:13","date_gmt":"2025-10-27T12:56:13","guid":{"rendered":"https:\/\/www.europesays.com\/fr\/493166\/"},"modified":"2025-10-27T12:56:13","modified_gmt":"2025-10-27T12:56:13","slug":"pourquoi-des-centaines-de-voyageurs-sont-bloques-en-gare-sncf-saint-roch","status":"publish","type":"post","link":"https:\/\/www.europesays.com\/fr\/493166\/","title":{"rendered":"pourquoi des centaines de voyageurs sont bloqu\u00e9s en gare SNCF Saint-Roch"},"content":{"rendered":"<p>            Par<br \/>\n        <strong><br \/>\n            <a href=\"https:\/\/actu.fr\/auteur\/jm-aubert\" title=\"Consulter tous les articles de Jean-Marc Aubert\" target=\"_blank\" rel=\"noopener\">Jean-Marc Aubert<\/a><br \/>\n        <\/strong><\/p>\n<p>        Publi\u00e9 le<\/p>\n<p>            27 oct. 2025 \u00e0 12h53<br \/>\n        ; mis \u00e0 jour le 27 oct. 2025 \u00e0 12h56    <\/p>\n<p>La<strong> SNCF<\/strong> annonce la suppression de <strong>TGV<\/strong>\u00a0et de <strong>Ouigo<\/strong> et des retards sur la ligne entre Lyon et Marseille, en raison de vols de c\u00e2bles, ce lundi 27 octobre 2025. Le retour \u00e0 la normale n\u2019est pr\u00e9vu que ce mardi 28 octobre. Des centaines de voyageurs sont bloqu\u00e9s en gare Saint-Roch, \u00e0 <strong>Montpellier.<\/strong><\/p>\n<p class=\" wall-content\">Le trafic des trains \u00e0 grande vitesse est fortement perturb\u00e9 depuis 6h, en effet, ce lundi apr\u00e8s un acte de vandalisme survenu entre les gares SNCF de Lyon et d\u2019Avignon. Des <strong>c\u00e2bles de signalisation<\/strong> ont \u00e9t\u00e9 volontairement incendi\u00e9s au petit matin, dans la Dr\u00f4me, un nouvel acte de vandalisme de <strong>voleurs de cuivre<\/strong> qui s\u00e9vissent un peu partout sur le territoire. Les \u00e9quipes sont en train d\u2019\u00e9tablir le diagnostic pr\u00e9cis des d\u00e9g\u00e2ts, avant de lancer les op\u00e9rations pour remplacer les c\u00e2bles.<\/p>\n<p>    <a href=\"https:\/\/www.google.com\/maps\/embed?pb=!1m18!1m12!1m3!1d3708.0099554285393!2d3.8772013112983337!3d43.603412326166435!2m3!1f0!2f0!3f0!3m2!1i1024!2i768!4f13.1!3m3!1m2!1s0x12b6af1f2b86d625%3A0xe60e13888646d3ab!2sGare%20de%20Montpellier%20Saint%20Roch!5e0!3m2!1sfr!2sfr!4v1761565597244!5m2!1sfr!2sfr\" title=\"Ouvrie le lien\" target=\"_blank\" rel=\"noopener\">Cliquez ici pour visualiser le contenu<\/a><\/p>\n<p class=\" wall-content\">\u00ab\u00a0Tous les TGV empruntent un autre itin\u00e9raire via la ligne classique afin d\u2019\u00e9viter la zone de l\u2019incident\u00a0\u00bb, pr\u00e9cise la SNCF. Les voyageurs sont \u00e0 bout de nerfs, comme <strong>M\u00e9tropolitain<\/strong> a pu le constater dans la gare SNCF en gare Saint-Roch, \u00e0 Montpellier<strong>,<\/strong> alert\u00e9 par des voyageurs qui se retrouvent coinc\u00e9s en cette seconde semaine de vacances scolaires de la Toussaint. \u00ab\u00a0C\u2019est un gros bordel, c\u2019est insupportable. On ne sait pas combien de trains sont supprim\u00e9s\u00a0\u00bb, t\u00e9moignait \u00e0 la mi-journ\u00e9e un p\u00e8re de famille qui ne d\u00e9col\u00e8re pas. Des centaines de voyageurs errent dans la gare en qu\u00eate de renseignements.<\/p>\n<p>Un retrait\u00e9 montpelli\u00e9rain raconte<\/p>\n<p class=\" wall-content\">Un retrait\u00e9 montpelli\u00e9rain raconte sa m\u00e9saventure : \u00ab\u00a0Ce matin, j\u2019ai pris un TGV \u00e0 destination de Dijon, en C\u00f4te d\u2019Or, arriv\u00e9 en gare d\u2019Avignon, on nous a pr\u00e9venu que le train ne pouvait plus continuer en raison d\u2019un incident ind\u00e9pendant de la volont\u00e9 de la SNCF, comme des cheminots ont dit. Du coup, le train a refait le trajet en sens inverse, avec deux arr\u00eats, en gare de N\u00eemes et en gare de Montpellier. Je n\u2019ai jamais vu \u00e7a depuis que je circule avec la SNCF et surtout, c\u2019est devenu un tarif de luxe pour voyager de Montpellier \u00e0 Dijon : j\u2019ai pay\u00e9 mon billet 260\u20ac\u00a0\u00bb. Il a d\u00e9cid\u00e9 d\u00e9sormais de ne plus faire confiance \u00e0 la SNCF et de se tourner vers l\u2019avion.<\/p>\n<p>Vid\u00e9os : en ce moment sur ActuActes de vandalisme<\/p>\n<p class=\" wall-content\">Les actes malveillants se se comptent plus depuis ces derni\u00e8res ann\u00e9es : \u00a0selon SNCF R\u00e9seau, en 2024, la malveillance et les intrusions ont caus\u00e9 <strong>plus de 800 000 minutes de retard<\/strong> et impact\u00e9 pr\u00e8s de 40.000 trains. Pour rappel, un\u00a0sabotage de grande ampleur avait eu lieu en 2024, juste avant la c\u00e9r\u00e9monie d\u2019ouverture des Jeux olympiques et qui avait occasionn\u00e9 des retards pour des centaines de milliers de passagers.<\/p>\n<p>Votre r\u00e9gion, votre actu !<\/p>\n<p>Recevez chaque jour les infos qui comptent pour vous.<\/p>\n<p>\t<a href=\"https:\/\/actu.fr\/newsletter\" class=\"ac-btn ac-btn--corner ac-btn--medium ac-btn--blue800\" target=\"_blank\" rel=\"noopener\">S&rsquo;incrire<\/a><\/p>\n<p class=\" wall-content\">En 2024, le nombre de faits de malveillance et d\u2019intrusion a continu\u00e9 de progresser avec une augmentation de +5 \u00e0 +10%\u00a0\u00bb, r\u00e9v\u00e8le SNCF R\u00e9seau, m\u00eame si\u00a0le d\u00e9ploiement de moyens de surveillance sur le r\u00e9seau ont \u00e9t\u00e9 particuli\u00e8rement importants en 2024. Le pr\u00e9judice des vols de c\u00e2bles de cuivre a doubl\u00e9 en 2024 par rapport \u00e0 2023,\u00a0atteignant\u00a020M\u20ac.<\/p>\n<p class=\" wall-content\">Ce lundi, en gare Saint-Roch, les voyageurs victimes de ce nouvel acte de malveillance prennent leur mal en patience, certains ayant report\u00e9 ou annul\u00e9 leur d\u00e9part.<\/p>\n<p class=\" wall-content\">Personnalisez votre actualit\u00e9 en ajoutant vos villes et m\u00e9dias en favori avec <a href=\"https:\/\/moncompte.actu.fr\" title=\"D\u00e9couvez Mon Actu\" rel=\"nofollow noopener\" data-trk=\"{&quot;cta&quot;:{&quot;action&quot;:&quot;https:\\\/\\\/moncompte.actu.fr&quot;,&quot;category&quot;:&quot;mon compte&quot;,&quot;from&quot;:&quot;article footer&quot;,&quot;name&quot;:&quot;Mon actu&quot;,&quot;type&quot;:&quot;cta&quot;}}\" target=\"_blank\">Mon Actu<\/a>.<\/p>\n","protected":false},"excerpt":{"rendered":"Par Jean-Marc Aubert Publi\u00e9 le 27 oct. 2025 \u00e0 12h53 ; mis \u00e0 jour le 27 oct. 2025&hellip;\n","protected":false},"author":2,"featured_media":493167,"comment_status":"","ping_status":"","sticky":false,"template":"","format":"standard","meta":{"footnotes":""},"categories":[9599],"tags":[1111,11,1777,674,1011,27,2208,12,2680,25,2215,104,2214],"class_list":{"0":"post-493166","1":"post","2":"type-post","3":"status-publish","4":"format-standard","5":"has-post-thumbnail","7":"category-montpellier","8":"tag-actu","9":"tag-actualites","10":"tag-eu","11":"tag-europe","12":"tag-fr","13":"tag-france","14":"tag-montpellier","15":"tag-news","16":"tag-occitanie","17":"tag-republique-francaise","18":"tag-sncf","19":"tag-societe","20":"tag-tgv"},"share_on_mastodon":{"url":"https:\/\/pubeurope.com\/@fr\/115446244039162748","error":""},"_links":{"self":[{"href":"https:\/\/www.europesays.com\/fr\/wp-json\/wp\/v2\/posts\/493166","targetHints":{"allow":["GET"]}}],"collection":[{"href":"https:\/\/www.europesays.com\/fr\/wp-json\/wp\/v2\/posts"}],"about":[{"href":"https:\/\/www.europesays.com\/fr\/wp-json\/wp\/v2\/types\/post"}],"author":[{"embeddable":true,"href":"https:\/\/www.europesays.com\/fr\/wp-json\/wp\/v2\/users\/2"}],"replies":[{"embeddable":true,"href":"https:\/\/www.europesays.com\/fr\/wp-json\/wp\/v2\/comments?post=493166"}],"version-history":[{"count":0,"href":"https:\/\/www.europesays.com\/fr\/wp-json\/wp\/v2\/posts\/493166\/revisions"}],"wp:featuredmedia":[{"embeddable":true,"href":"https:\/\/www.europesays.com\/fr\/wp-json\/wp\/v2\/media\/493167"}],"wp:attachment":[{"href":"https:\/\/www.europesays.com\/fr\/wp-json\/wp\/v2\/media?parent=493166"}],"wp:term":[{"taxonomy":"category","embeddable":true,"href":"https:\/\/www.europesays.com\/fr\/wp-json\/wp\/v2\/categories?post=493166"},{"taxonomy":"post_tag","embeddable":true,"href":"https:\/\/www.europesays.com\/fr\/wp-json\/wp\/v2\/tags?post=493166"}],"curies":[{"name":"wp","href":"https:\/\/api.w.org\/{rel}","templated":true}]}}