{"id":493170,"date":"2025-10-27T12:58:10","date_gmt":"2025-10-27T12:58:10","guid":{"rendered":"https:\/\/www.europesays.com\/fr\/493170\/"},"modified":"2025-10-27T12:58:10","modified_gmt":"2025-10-27T12:58:10","slug":"pres-de-rouen-une-ecole-ravagee-par-un-incendie-le-toit-seffondre","status":"publish","type":"post","link":"https:\/\/www.europesays.com\/fr\/493170\/","title":{"rendered":"Pr\u00e8s de Rouen, une \u00e9cole ravag\u00e9e par un incendie : le toit s&rsquo;effondre"},"content":{"rendered":"<p>            Par<br \/>\n        <strong><br \/>\n            <a href=\"https:\/\/actu.fr\/auteur\/julien-bouteiller\" title=\"Consulter tous les articles de Julien Bouteiller\" rel=\"nofollow noopener\" target=\"_blank\">Julien Bouteiller<\/a><br \/>\n        <\/strong><\/p>\n<p>        Publi\u00e9 le<\/p>\n<p>            27 oct. 2025 \u00e0 13h20        <\/p>\n<p><strong>Impressionnant incendie pr\u00e8s de Rouen<\/strong>, ce lundi 27 octobre 2025. <strong>L\u2019\u00e9cole<\/strong> de la commune de <a href=\"https:\/\/actu.fr\/normandie\/saint-aubin-epinay_76560\" rel=\"nofollow noopener\" target=\"_blank\">Saint-Aubin-\u00c9pinay<\/a> a \u00e9t\u00e9 ravag\u00e9e par les flammes.<\/p>\n<p>Impressionnant incendie \u00e0 l\u2019\u00e9cole<\/p>\n<p class=\" wall-content\">Depuis la fin de matin\u00e9e, les sapeurs-pompiers sont sur place pour ma\u00eetriser le sinistre. Sur des images transmises par une lectrice, on peut voir <strong>un grand panache de fum\u00e9e et les flammes sortant du toit<\/strong>.<\/p>\n<p class=\" wall-content\">D\u2019apr\u00e8s les informations que nous avons recueillies sur place, l\u2019incendie aurait une origine accidentelle, provenant de travaux en cours. Une enqu\u00eate devra toutefois \u00e9tablir les circonstances exactes du d\u00e9part de feu.<\/p>\n<p class=\" wall-content\">Lors de l\u2019intervention des pompiers, <strong>la toiture d\u2019une classe de primaire s\u2019est effondr\u00e9e.<\/strong><\/p>\n<p class=\" wall-content\">\u00c0 cette heure, les secours sont toujours sur place. Aucune victime n\u2019est \u00e0 d\u00e9plorer \u00e0 ce stade.<\/p>\n<p>Vid\u00e9os : en ce moment sur Actu<\/p>\n<p class=\" wall-content\"><strong>\u2022 Plus d\u2019infos \u00e0 venir sur 76actu.<\/strong><\/p>\n<p class=\" wall-content\"><strong>Avec Isabelle Villy<\/strong><\/p>\n<p>Suivez l\u2019actualit\u00e9 de Rouen <a href=\"https:\/\/www.whatsapp.com\/channel\/0029VaKfnf99hXF2ddApFB1D\" rel=\"nofollow noopener\" target=\"_blank\">sur notre cha\u00eene WhatsApp<\/a> et <a href=\"https:\/\/www.tiktok.com\/@76actu.fr?lang=fr\" rel=\"nofollow noopener\" target=\"_blank\">sur notre compte TikTok<\/a><\/p>\n<p class=\" wall-content\">Personnalisez votre actualit\u00e9 en ajoutant vos villes et m\u00e9dias en favori avec <a href=\"https:\/\/moncompte.actu.fr\" title=\"D\u00e9couvez Mon Actu\" rel=\"nofollow noopener\" data-trk=\"{&quot;cta&quot;:{&quot;action&quot;:&quot;https:\\\/\\\/moncompte.actu.fr&quot;,&quot;category&quot;:&quot;mon compte&quot;,&quot;from&quot;:&quot;article footer&quot;,&quot;name&quot;:&quot;Mon actu&quot;,&quot;type&quot;:&quot;cta&quot;}}\" target=\"_blank\">Mon Actu<\/a>.<\/p>\n<p>                    <script async src=\"\/\/www.tiktok.com\/embed.js\"><\/script><\/p>\n","protected":false},"excerpt":{"rendered":"Par Julien Bouteiller Publi\u00e9 le 27 oct. 2025 \u00e0 13h20 Impressionnant incendie pr\u00e8s de Rouen, ce lundi 27&hellip;\n","protected":false},"author":2,"featured_media":493171,"comment_status":"","ping_status":"","sticky":false,"template":"","format":"standard","meta":{"footnotes":""},"categories":[9587],"tags":[1111,11,1777,674,118,1011,27,1310,12,5161,1311,25,9590],"class_list":{"0":"post-493170","1":"post","2":"type-post","3":"status-publish","4":"format-standard","5":"has-post-thumbnail","7":"category-rouen","8":"tag-actu","9":"tag-actualites","10":"tag-eu","11":"tag-europe","12":"tag-faits-divers","13":"tag-fr","14":"tag-france","15":"tag-incendie","16":"tag-news","17":"tag-normandie","18":"tag-pompiers","19":"tag-republique-francaise","20":"tag-rouen"},"share_on_mastodon":{"url":"https:\/\/pubeurope.com\/@fr\/115446251891170256","error":""},"_links":{"self":[{"href":"https:\/\/www.europesays.com\/fr\/wp-json\/wp\/v2\/posts\/493170","targetHints":{"allow":["GET"]}}],"collection":[{"href":"https:\/\/www.europesays.com\/fr\/wp-json\/wp\/v2\/posts"}],"about":[{"href":"https:\/\/www.europesays.com\/fr\/wp-json\/wp\/v2\/types\/post"}],"author":[{"embeddable":true,"href":"https:\/\/www.europesays.com\/fr\/wp-json\/wp\/v2\/users\/2"}],"replies":[{"embeddable":true,"href":"https:\/\/www.europesays.com\/fr\/wp-json\/wp\/v2\/comments?post=493170"}],"version-history":[{"count":0,"href":"https:\/\/www.europesays.com\/fr\/wp-json\/wp\/v2\/posts\/493170\/revisions"}],"wp:featuredmedia":[{"embeddable":true,"href":"https:\/\/www.europesays.com\/fr\/wp-json\/wp\/v2\/media\/493171"}],"wp:attachment":[{"href":"https:\/\/www.europesays.com\/fr\/wp-json\/wp\/v2\/media?parent=493170"}],"wp:term":[{"taxonomy":"category","embeddable":true,"href":"https:\/\/www.europesays.com\/fr\/wp-json\/wp\/v2\/categories?post=493170"},{"taxonomy":"post_tag","embeddable":true,"href":"https:\/\/www.europesays.com\/fr\/wp-json\/wp\/v2\/tags?post=493170"}],"curies":[{"name":"wp","href":"https:\/\/api.w.org\/{rel}","templated":true}]}}