{"id":493173,"date":"2025-10-27T13:02:18","date_gmt":"2025-10-27T13:02:18","guid":{"rendered":"https:\/\/www.europesays.com\/fr\/493173\/"},"modified":"2025-10-27T13:02:18","modified_gmt":"2025-10-27T13:02:18","slug":"nouveau-conge-de-naissance-plus-court-mais-mieux-paye","status":"publish","type":"post","link":"https:\/\/www.europesays.com\/fr\/493173\/","title":{"rendered":"Nouveau cong\u00e9 de naissance : plus court mais mieux pay\u00e9"},"content":{"rendered":"<p>Une bonne nouvelle pour les futurs parents : ils seront bient\u00f4t mieux pay\u00e9s pour pouponner. Coup d&rsquo;\u0153il sur le nouveau cong\u00e9 de naissance pr\u00e9vu pour 2026.<\/p>\n<p>La ministre de la Sant\u00e9, St\u00e9phanie Rist, a pr\u00e9sent\u00e9 ce mardi le nouveau <b>cong\u00e9 de naissance<\/b>, qui figure dans le projet de budget de la S\u00e9curit\u00e9 sociale 2026.\u00a0<\/p>\n<p>Jusqu&rsquo;\u00e0 quatre mois de cong\u00e9 avec b\u00e9b\u00e9<\/p>\n<p>Le \u00ab\u00a0cong\u00e9 suppl\u00e9mentaire de naissance\u00a0\u00bb sera indemnis\u00e9 \u00e0 hauteur de <b>70% du salaire net<\/b> le premier mois et de <b>60%<\/b>\u00a0<b>le deuxi\u00e8me mois<\/b>. <\/p>\n<p>Ce cong\u00e9 s&rsquo;ajoute au cong\u00e9 maternit\u00e9 de 16 semaines et au cong\u00e9 paternit\u00e9 de 28 jours.  <\/p>\n<p>\u00ab\u00a0L&rsquo;objectif de ce cong\u00e9, tr\u00e8s attendu, suppl\u00e9mentaire de naissance est de permettre aux femmes et aux hommes de prendre un cong\u00e9 suppl\u00e9mentaire, s&rsquo;ils en ont envie, de un mois ou deux mois\u00a0\u00bb, a d\u00e9taill\u00e9 la ministre de la Sant\u00e9.<\/p>\n<p>Il sera \u00ab\u00a0non \u00e9changeable et non \u00e0 temps partiel\u00a0\u00bb, \u00ab\u00a0dans un objectif d&rsquo;<b>\u00e9galit\u00e9 entre les hommes et les femmes<\/b>\u00ab\u00a0, a soulign\u00e9 St\u00e9phanie Rist.\u00a0<\/p>\n<p>Chaque parent pourra prendre le prendre en m\u00eame temps ou en alternance avec l&rsquo;autre, \u00ab\u00a0d&rsquo;o\u00f9 la possibilit\u00e9 d&rsquo;ajouter jusqu&rsquo;\u00e0 quatre mois\u00a0\u00bb pour garder ses enfants.\u00a0<\/p>\n<p><img loading=\"lazy\" decoding=\"async\" src=\"https:\/\/www.europesays.com\/fr\/wp-content\/uploads\/2025\/10\/1761570138_887_img\" width=\"350\" height=\"200\" border=\"0\" title=\"L'influenceuse is\u00c3\u00a9roise Mila\"\/><\/p>\n<p>\u25baPolice &#8211; Justice<\/p>\n<p style=\"font-size: 22px;\"><b>Lyon : l&rsquo;influenceuse Mila jug\u00e9e pour injure publique raciale<\/b><\/p>\n<p>Mila, l&rsquo;influenceuse originaire du nord-Is\u00e8re,&#8230;<\/p>\n<p><\/p>\n","protected":false},"excerpt":{"rendered":"Une bonne nouvelle pour les futurs parents : ils seront bient\u00f4t mieux pay\u00e9s pour pouponner. Coup d&rsquo;\u0153il sur&hellip;\n","protected":false},"author":2,"featured_media":493174,"comment_status":"","ping_status":"","sticky":false,"template":"","format":"standard","meta":{"footnotes":""},"categories":[9566],"tags":[1111,11,2430,10171,61604,1777,674,1011,27,2731,13753,198,12,3306,25],"class_list":{"0":"post-493173","1":"post","2":"type-post","3":"status-publish","4":"format-standard","5":"has-post-thumbnail","7":"category-grenoble","8":"tag-actu","9":"tag-actualites","10":"tag-auvergne-rhone-alpes","11":"tag-bb","12":"tag-cong","13":"tag-eu","14":"tag-europe","15":"tag-fr","16":"tag-france","17":"tag-grenoble","18":"tag-indemnisation","19":"tag-naissance","20":"tag-news","21":"tag-parents","22":"tag-republique-francaise"},"share_on_mastodon":{"url":"https:\/\/pubeurope.com\/@fr\/115446268481262943","error":""},"_links":{"self":[{"href":"https:\/\/www.europesays.com\/fr\/wp-json\/wp\/v2\/posts\/493173","targetHints":{"allow":["GET"]}}],"collection":[{"href":"https:\/\/www.europesays.com\/fr\/wp-json\/wp\/v2\/posts"}],"about":[{"href":"https:\/\/www.europesays.com\/fr\/wp-json\/wp\/v2\/types\/post"}],"author":[{"embeddable":true,"href":"https:\/\/www.europesays.com\/fr\/wp-json\/wp\/v2\/users\/2"}],"replies":[{"embeddable":true,"href":"https:\/\/www.europesays.com\/fr\/wp-json\/wp\/v2\/comments?post=493173"}],"version-history":[{"count":0,"href":"https:\/\/www.europesays.com\/fr\/wp-json\/wp\/v2\/posts\/493173\/revisions"}],"wp:featuredmedia":[{"embeddable":true,"href":"https:\/\/www.europesays.com\/fr\/wp-json\/wp\/v2\/media\/493174"}],"wp:attachment":[{"href":"https:\/\/www.europesays.com\/fr\/wp-json\/wp\/v2\/media?parent=493173"}],"wp:term":[{"taxonomy":"category","embeddable":true,"href":"https:\/\/www.europesays.com\/fr\/wp-json\/wp\/v2\/categories?post=493173"},{"taxonomy":"post_tag","embeddable":true,"href":"https:\/\/www.europesays.com\/fr\/wp-json\/wp\/v2\/tags?post=493173"}],"curies":[{"name":"wp","href":"https:\/\/api.w.org\/{rel}","templated":true}]}}