{"id":493177,"date":"2025-10-27T13:04:16","date_gmt":"2025-10-27T13:04:16","guid":{"rendered":"https:\/\/www.europesays.com\/fr\/493177\/"},"modified":"2025-10-27T13:04:16","modified_gmt":"2025-10-27T13:04:16","slug":"accuses-du-meurtre-de-wilhem-houssin-ils-demandent-leur-liberation-avant-leur-proces-en-appel","status":"publish","type":"post","link":"https:\/\/www.europesays.com\/fr\/493177\/","title":{"rendered":"Accus\u00e9s du meurtre de Wilhem Houssin, ils demandent leur lib\u00e9ration avant leur proc\u00e8s en appel"},"content":{"rendered":"<p>            Par<br \/>\n        <strong><br \/>\n            <a href=\"https:\/\/actu.fr\/auteur\/redaction-rennes\" title=\"Consulter tous les articles de R\u00e9daction Rennes\" target=\"_blank\" rel=\"noopener\">R\u00e9daction Rennes<\/a><br \/>\n        <\/strong><\/p>\n<p>        Publi\u00e9 le<\/p>\n<p>            27 oct. 2025 \u00e0 11h22        <\/p>\n<p>La chambre de l\u2019instruction de la <strong>cour d\u2019appel<\/strong> de Rennes a ordonn\u00e9, vendredi 24\u00a0octobre 2025, le <strong>maintien en d\u00e9tention<\/strong> de trois des <a href=\"https:\/\/actu.fr\/bretagne\/rennes_35238\/meurtre-de-wilhem-houssin-a-rennes-les-cinq-accuses-ont-fait-appel-la-justice-refuse-d-en-liberer-un_62471402.html\" target=\"_blank\" rel=\"noopener\">cinq hommes condamn\u00e9s<\/a> apr\u00e8s le meurtre de <a href=\"https:\/\/actu.fr\/bretagne\/saint-jacques-de-la-lande_35281\/l-homme-le-plus-gentil-du-monde-qui-etait-wilhem-le-musicien-tue-pres-de-rennes_43722878.html\" target=\"_blank\" rel=\"noopener\">Wilhem Houssin<\/a> en juillet\u00a02021 \u00e0 <a href=\"https:\/\/actu.fr\/bretagne\/saint-jacques-de-la-lande_35281\" target=\"_blank\" rel=\"noopener\">Saint-Jacques-de-la-Lande<\/a> (Ille-et-Vilaine) <strong>dans l\u2019attente de leur proc\u00e8s<\/strong> en appel.<strong> Ils \u00e9taient en effet lib\u00e9rables<\/strong> en raison du d\u00e9lai l\u00e9gal d\u00e9pass\u00e9 entre l\u2019appel et le nouveau proc\u00e8s.<\/p>\n<p>\u00ab\u2009Rouer de coups\u2009\u00bb par des jeunes pr\u00e8s d\u2019un point de deal<\/p>\n<p class=\" wall-content\">Pour rappel, Wilhem Houssin, <strong>musicien de 49\u00a0ans,<\/strong> s\u2019\u00e9tait fait<a href=\"https:\/\/actu.fr\/bretagne\/saint-jacques-de-la-lande_35281\/roue-de-coups-pres-de-rennes-un-homme-de-49-ans-tue-sous-les-yeux-de-sa-femme_43700202.html\" target=\"_blank\" rel=\"noopener\"> \u00ab\u2009rouer de coups\u2009\u00bb par une \u00ab\u2009bande de jeunes\u2009\u00bb<\/a><strong> le 21\u00a0juillet 2021<\/strong> pr\u00e8s d\u2019un point de deal de la rue Andr\u00e9-Malraux, \u00e0 Saint-Jacques-de-la-Lande.<\/p>\n<p class=\" wall-content\">Il \u00e9tait <strong>d\u00e9c\u00e9d\u00e9 trois jours plus tard<\/strong> \u00e0 l\u2019h\u00f4pital, des suites de ses blessures, sans avoir repris connaissance.<\/p>\n<p class=\" wall-content\">Dans ces circonstances, <a href=\"https:\/\/actu.fr\/bretagne\/rennes_35238\/meurtre-de-wilhem-houssin-a-rennes-de-10-a-20-ans-de-prison-pour-les-accuses_61783674.html\" target=\"_blank\" rel=\"noopener\">cinq jeunes de 21 \u00e0 26\u00a0ans\u00a0avaient \u00e9t\u00e9 condamn\u00e9s le 25\u00a0octobre 2024<\/a> par la cour d\u2019assises d\u2019Ille-et-Vilaine\u00a0\u00e0 des peines allant de<strong> dix \u00e0 vingt ans de r\u00e9clusion<\/strong>.<\/p>\n<p>Des coaccus\u00e9s \u00e2g\u00e9s d\u2019une vingtaine d\u2019ann\u00e9es<\/p>\n<p class=\" wall-content\">Le principal accus\u00e9, <strong>Bachir<\/strong>, avait \u00e9cop\u00e9 de vingt ans de prison et d\u2019une <strong>\u00ab\u2009interdiction d\u00e9finitive du territoire fran\u00e7ais\u2009\u00bb<\/strong> pour \u00ab\u2009meurtre\u2009\u00bb. Ce <strong>Tunisien de 24\u00a0ans<\/strong> avait \u00e9t\u00e9 d\u00e9crit par ses coaccus\u00e9s comme ayant \u00e9t\u00e9<strong> \u00ab\u2009le plus violent\u2009\u00bb<\/strong> envers Wilhem Houssin. L\u2019un des coaccus\u00e9s l\u2019avait <strong>vu \u00ab\u2009\u00e9craser\u2009\u00bb la t\u00eate de la victime<\/strong> alors qu\u2019elle se trouvait au sol.<\/p>\n<p class=\" wall-content\"><strong>Bilel et Alan, \u00e2g\u00e9s de 26 et 23\u00a0ans,<\/strong> avaient \u00e9t\u00e9 condamn\u00e9s quant \u00e0 eux \u00e0 <strong>quatorze ans de r\u00e9clusion<\/strong>\u00a0pour \u00ab\u2009violence volontaire ayant entra\u00een\u00e9 la mort sans intention de la donner\u2009\u00bb.<\/p>\n<p class=\" wall-content\">Le premier avait d\u2019abord ni\u00e9 toute violence en garde \u00e0 vue, puis avait finalement <strong>reconnu avoir donn\u00e9 des \u00ab\u2009claquettes\u2009\u00bb \u00e0 Wilhem Houssin<\/strong>. Le second avait admis de son c\u00f4t\u00e9 avoir port\u00e9 des \u00ab\u2009petits coups de pied\u2009\u00bb \u00e0 Wilhem Houssin pour le \u00ab\u2009stimuler\u2009\u00bb, mais un t\u00e9moin l\u2019avait vu \u00ab\u2009sauter sur la t\u00eate\u2009\u00bb du musicien. <strong>Tous avaient fait appel<\/strong>\u00a0de ce verdict\u2009: un\u00a0<strong>nouveau proc\u00e8s<\/strong>\u00a0en appel est donc pr\u00e9vu devant la cour d\u2019assises du Morbihan\u00a0<strong>du 12 au 21\u00a0novembre 2025<\/strong>.<\/p>\n<p>Votre r\u00e9gion, votre actu !<\/p>\n<p>Recevez chaque jour les infos qui comptent pour vous.<\/p>\n<p>\t<a href=\"https:\/\/actu.fr\/newsletter\" class=\"ac-btn ac-btn--corner ac-btn--medium ac-btn--blue800\" target=\"_blank\" rel=\"noopener\">S&rsquo;incrire<\/a><br \/>\nUne demande de \u00ab\u2009prolongation exceptionnelle\u2009\u00bb<\/p>\n<p class=\" wall-content\">Le parquet g\u00e9n\u00e9ral de la cour d\u2019appel de Rennes avait en fait demand\u00e9 la \u00ab\u2009prolongation exceptionnelle\u2009\u00bb <strong>de la d\u00e9tention de ces trois hommes<\/strong> en attendant qu\u2019ils soient rejug\u00e9s\u2009: le nouveau proc\u00e8s aurait en effet <strong>d\u00fb se tenir dans le d\u00e9lai pr\u00e9vu par la loi d\u2019un an maximum<\/strong> apr\u00e8s l\u2019appel, soit avant le 30\u00a0octobre 2025.<\/p>\n<p class=\" wall-content\">Il n\u2019avait finalement <strong>pas pu \u00eatre organis\u00e9 dans ce d\u00e9lai en raison de la \u00ab\u2009surcharge\u2009\u00bb<\/strong> de la cour d\u2019assises du Morbihan\u2009: le<strong> \u00ab\u2009d\u00e9lai d\u2019\u00e9coulement\u2009\u00bb<\/strong> du \u00ab\u2009stock des affaires en attente de jugement\u2009\u00bb par cette juridiction d\u00e9passe<strong> \u00ab\u2009deux ans\u2009\u00bb<\/strong>, a rappel\u00e9 l\u2019avocate g\u00e9n\u00e9rale devant la chambre de l\u2019instruction de la cour d\u2019appel de Rennes.<\/p>\n<p class=\" wall-content\">Mais \u00ab\u2009compte tenu de la<strong> gravit\u00e9 des faits\u2009\u00bb,<\/strong> la <strong>prolongation<\/strong> de la d\u00e9tention des trois hommes n\u2019est<strong> \u00ab\u2009pas d\u00e9raisonnable\u2009\u00bb<\/strong> puisque le proc\u00e8s en appel s\u2019ouvre \u00ab\u2009dans quinze jours\u2009\u00bb, a-t-elle nuanc\u00e9. La chambre de l\u2019instruction de la cour d\u2019appel de Rennes s\u2019est finalement rang\u00e9e \u00e0 ses r\u00e9quisitions.<\/p>\n<p class=\" wall-content\"><strong>RB et GF (PressPepper)<\/strong><\/p>\n<p class=\" wall-content\">Personnalisez votre actualit\u00e9 en ajoutant vos villes et m\u00e9dias en favori avec <a href=\"https:\/\/moncompte.actu.fr\" title=\"D\u00e9couvez Mon Actu\" rel=\"nofollow noopener\" data-trk=\"{&quot;cta&quot;:{&quot;action&quot;:&quot;https:\\\/\\\/moncompte.actu.fr&quot;,&quot;category&quot;:&quot;mon compte&quot;,&quot;from&quot;:&quot;article footer&quot;,&quot;name&quot;:&quot;Mon actu&quot;,&quot;type&quot;:&quot;cta&quot;}}\" target=\"_blank\">Mon Actu<\/a>.<\/p>\n","protected":false},"excerpt":{"rendered":"Par R\u00e9daction Rennes Publi\u00e9 le 27 oct. 2025 \u00e0 11h22 La chambre de l\u2019instruction de la cour d\u2019appel&hellip;\n","protected":false},"author":2,"featured_media":5423,"comment_status":"","ping_status":"","sticky":false,"template":"","format":"standard","meta":{"footnotes":""},"categories":[2821],"tags":[1111,11,829,1777,674,118,1011,27,303,777,12,584,25],"class_list":{"0":"post-493177","1":"post","2":"type-post","3":"status-publish","4":"format-standard","5":"has-post-thumbnail","7":"category-rennes","8":"tag-actu","9":"tag-actualites","10":"tag-bretagne","11":"tag-eu","12":"tag-europe","13":"tag-faits-divers","14":"tag-fr","15":"tag-france","16":"tag-justice","17":"tag-meurtre","18":"tag-news","19":"tag-rennes","20":"tag-republique-francaise"},"share_on_mastodon":{"url":"https:\/\/pubeurope.com\/@fr\/115446275387020436","error":""},"_links":{"self":[{"href":"https:\/\/www.europesays.com\/fr\/wp-json\/wp\/v2\/posts\/493177","targetHints":{"allow":["GET"]}}],"collection":[{"href":"https:\/\/www.europesays.com\/fr\/wp-json\/wp\/v2\/posts"}],"about":[{"href":"https:\/\/www.europesays.com\/fr\/wp-json\/wp\/v2\/types\/post"}],"author":[{"embeddable":true,"href":"https:\/\/www.europesays.com\/fr\/wp-json\/wp\/v2\/users\/2"}],"replies":[{"embeddable":true,"href":"https:\/\/www.europesays.com\/fr\/wp-json\/wp\/v2\/comments?post=493177"}],"version-history":[{"count":0,"href":"https:\/\/www.europesays.com\/fr\/wp-json\/wp\/v2\/posts\/493177\/revisions"}],"wp:featuredmedia":[{"embeddable":true,"href":"https:\/\/www.europesays.com\/fr\/wp-json\/wp\/v2\/media\/5423"}],"wp:attachment":[{"href":"https:\/\/www.europesays.com\/fr\/wp-json\/wp\/v2\/media?parent=493177"}],"wp:term":[{"taxonomy":"category","embeddable":true,"href":"https:\/\/www.europesays.com\/fr\/wp-json\/wp\/v2\/categories?post=493177"},{"taxonomy":"post_tag","embeddable":true,"href":"https:\/\/www.europesays.com\/fr\/wp-json\/wp\/v2\/tags?post=493177"}],"curies":[{"name":"wp","href":"https:\/\/api.w.org\/{rel}","templated":true}]}}