{"id":493178,"date":"2025-10-27T13:05:15","date_gmt":"2025-10-27T13:05:15","guid":{"rendered":"https:\/\/www.europesays.com\/fr\/493178\/"},"modified":"2025-10-27T13:05:15","modified_gmt":"2025-10-27T13:05:15","slug":"nouveau-succes-populaire-pour-le-marathon-de-rennes","status":"publish","type":"post","link":"https:\/\/www.europesays.com\/fr\/493178\/","title":{"rendered":"Nouveau succ\u00e8s populaire pour le marathon de Rennes"},"content":{"rendered":"<p><img decoding=\"async\" class=\"\" style=\"width:100%;max-width:100%\" src=\"https:\/\/www.europesays.com\/fr\/wp-content\/uploads\/2025\/10\/Marathon_Rennes_11761559974380-format16by9.jpg\" alt=\"Florian Caro et Duncan P\u00e9rillat au 13\u00e8me kilom\u00e8tre le long de la Vilaine, au marathon de Rennes\"\/><\/p>\n<p>Florian Caro et Duncan P\u00e9rillat (le vainqueur \u00e0 gauche ) au 13\u00e8me kilom\u00e8tre le long de la Vilaine<\/p>\n<p>Cr\u00e9dit : Alouette | DLB<\/p>\n<p style=\"text-align: justify;\">Le ciel \u00e9tait mena\u00e7ant, cela n\u2019a pas emp\u00each\u00e9 le public de se mobiliser pour assister aux courses organis\u00e9es dans le <strong>centre-ville de Rennes <\/strong>dans le cadre du Marathon Vert de la capitale bretonne. C\u00f4t\u00e9 participants, les diff\u00e9rentes \u00e9preuves ont enregistr\u00e9 un total de 18 500 inscrits dont 5 000 pour le marathon. C\u2019est un record.<\/p>\n<p style=\"text-align: justify;\">\u00a0<\/p>\n<p>La foule dans le centre-ville<\/p>\n<p style=\"text-align: justify;\">C\u00f4t\u00e9 public, des milliers de spectateurs se sont mass\u00e9s d\u00e8s samedi soir le <strong>long des quais de la Vilaine<\/strong> pour encourager notamment les 5 000 participants du 10 000 m\u00e8tres. M\u00eame chose dimanche malgr\u00e9 la grisaille et les averses pour assister au marathon et aux diff\u00e9rentes courses de relais dont les arriv\u00e9es \u00e9taient jug\u00e9es sur<strong> l\u2019esplanade Charles-de-Gaulle<\/strong>.<\/p>\n<p style=\"text-align: justify;\">\u00a0<\/p>\n<p>Un record pour la 14\u00e8me \u00e9dition<\/p>\n<p style=\"text-align: justify;\">C\u2019est un coureur de Seine-Saint-Denis, <strong>Duncan P\u00e9rillat<\/strong>, qui s\u2019est impos\u00e9 dans l\u2019\u00e9preuve reine. D\u00e9j\u00e0 vainqueur \u00e0 deux reprises \u00e0 Rennes, ce sp\u00e9cialiste du 42,195 km s\u2019est impos\u00e9 en 2h11\u201938\u2019\u2019, battant ainsi le <strong>record de l\u2019\u00e9preuve rennaise<\/strong>. Hamza El Ouardi, 5\u00e8me de l\u2019\u00e9preuve avec un temps de 2h19\u201942\u2019\u2019 d\u00e9croche le titre de<strong> champion de Bretagne<\/strong>.<\/p>\n","protected":false},"excerpt":{"rendered":"Florian Caro et Duncan P\u00e9rillat (le vainqueur \u00e0 gauche ) au 13\u00e8me kilom\u00e8tre le long de la Vilaine&hellip;\n","protected":false},"author":2,"featured_media":493179,"comment_status":"","ping_status":"","sticky":false,"template":"","format":"standard","meta":{"footnotes":""},"categories":[2821],"tags":[1111,11,829,61606,61605,1777,674,1011,27,7178,12,584,25],"class_list":{"0":"post-493178","1":"post","2":"type-post","3":"status-publish","4":"format-standard","5":"has-post-thumbnail","7":"category-rennes","8":"tag-actu","9":"tag-actualites","10":"tag-bretagne","11":"tag-courses-a-pied","12":"tag-duncan-perillat","13":"tag-eu","14":"tag-europe","15":"tag-fr","16":"tag-france","17":"tag-marathon","18":"tag-news","19":"tag-rennes","20":"tag-republique-francaise"},"share_on_mastodon":{"url":"https:\/\/pubeurope.com\/@fr\/115446280131730244","error":""},"_links":{"self":[{"href":"https:\/\/www.europesays.com\/fr\/wp-json\/wp\/v2\/posts\/493178","targetHints":{"allow":["GET"]}}],"collection":[{"href":"https:\/\/www.europesays.com\/fr\/wp-json\/wp\/v2\/posts"}],"about":[{"href":"https:\/\/www.europesays.com\/fr\/wp-json\/wp\/v2\/types\/post"}],"author":[{"embeddable":true,"href":"https:\/\/www.europesays.com\/fr\/wp-json\/wp\/v2\/users\/2"}],"replies":[{"embeddable":true,"href":"https:\/\/www.europesays.com\/fr\/wp-json\/wp\/v2\/comments?post=493178"}],"version-history":[{"count":0,"href":"https:\/\/www.europesays.com\/fr\/wp-json\/wp\/v2\/posts\/493178\/revisions"}],"wp:featuredmedia":[{"embeddable":true,"href":"https:\/\/www.europesays.com\/fr\/wp-json\/wp\/v2\/media\/493179"}],"wp:attachment":[{"href":"https:\/\/www.europesays.com\/fr\/wp-json\/wp\/v2\/media?parent=493178"}],"wp:term":[{"taxonomy":"category","embeddable":true,"href":"https:\/\/www.europesays.com\/fr\/wp-json\/wp\/v2\/categories?post=493178"},{"taxonomy":"post_tag","embeddable":true,"href":"https:\/\/www.europesays.com\/fr\/wp-json\/wp\/v2\/tags?post=493178"}],"curies":[{"name":"wp","href":"https:\/\/api.w.org\/{rel}","templated":true}]}}