{"id":493180,"date":"2025-10-27T13:06:17","date_gmt":"2025-10-27T13:06:17","guid":{"rendered":"https:\/\/www.europesays.com\/fr\/493180\/"},"modified":"2025-10-27T13:06:17","modified_gmt":"2025-10-27T13:06:17","slug":"lingolsheim-six-ans-apres-sa-derniere-edition-la-bourse-photo-fait-son-retour-dans-un-nouveau-lieu","status":"publish","type":"post","link":"https:\/\/www.europesays.com\/fr\/493180\/","title":{"rendered":"Lingolsheim. Six ans apr\u00e8s sa derni\u00e8re \u00e9dition, la bourse photo fait son retour dans un nouveau lieu"},"content":{"rendered":"<p>La <a href=\"https:\/\/boursephotostrasbourg.com\/\" target=\"_blank\" rel=\"nofollow noopener\">bourse photo de Strasbourg<\/a> , qui f\u00eate cette ann\u00e9e <a href=\"https:\/\/www.dna.fr\/actualite\/2019\/11\/03\/video-bourse-photo-pour-l-amour-de-la-peloche\" target=\"_blank\" rel=\"nofollow noopener\">sa 33 e \u00e9dition<\/a> , est l\u2019une des plus courues de France. Pas moins de 800 visiteurs \u2013 photographes amateurs ou professionnels, collectionneurs \u2013 et plusieurs dizaines d\u2019exposants sont attendus aux portes de Strasbourg le premier week-end de novembre.<\/p>\n<p>  180 m\u00e8tres lin\u00e9aires de stands<\/p>\n<p>Venus du monde entier, les mordus de l\u2019argentique, les passionn\u00e9s de la pellicule, les acharn\u00e9s du d\u00e9veloppement, du noir et blanc \u00e0 la couleur, et plus largement tous les fanas de mat\u00e9riel photographique, d\u2019accessoires de cin\u00e9ma, de manuels d\u2019utilisation et d\u2019ouvrages sp\u00e9cialis\u00e9s auront l\u2019occasion de discuter de leur passion commune et d\u2019acqu\u00e9rir des pi\u00e8ces en tout genre et de toutes les \u00e9poques.<\/p>\n<p>Ce contenu est bloqu\u00e9 car vous n&rsquo;avez pas accept\u00e9 les cookies et autres traceurs.<\/p>\n<p>En cliquant sur \u00ab J\u2019accepte \u00bb, les cookies et autres traceurs seront d\u00e9pos\u00e9s et vous pourrez visualiser les contenus  (<a href=\"\" class=\"consentModule_policy\" target=\"_blank\" title=\"Consulter la politique de protection des donn\u00e9es du fournisseur\">plus d&rsquo;informations<\/a>).<\/p>\n<p>En cliquant sur \u00ab J\u2019accepte tous les cookies \u00bb, vous autorisez des d\u00e9p\u00f4ts de cookies et autres traceurs pour le stockage de vos donn\u00e9es sur nos sites et applications \u00e0 des fins de personnalisation et de ciblage publicitaire.<\/p>\n<p class=\"consentModule_secondaryText\">Vous gardez la possibilit\u00e9 de retirer votre consentement \u00e0 tout moment en consultant notre <a href=\"https:\/\/www.dna.fr\/protection-des-donnees\" target=\"_blank\" title=\"Consulter notre politique de protection des donn\u00e9es\" rel=\"nofollow noopener\">politique de protection des donn\u00e9es<\/a>. <br \/>&#13;<br \/>\n            <a href=\"https:\/\/www.dna.fr\/culture-loisirs\/2025\/10\/27\/javascript:Didomi.notice.show()\" class=\"consentModule_cmp\" rel=\"nofollow noopener\" target=\"_blank\">G\u00e9rer mes choix<\/a>&#13;\n        <\/p>\n<p>&#13;<br \/>\n                        J&rsquo;accepte&#13;<br \/>\n            J&rsquo;accepte tous les cookies&#13;\n        <\/p>\n<p>Fr\u00e9d\u00e9ric Hoch, l\u2019organisateur de la foire et lui-m\u00eame marchand d\u2019antiquit\u00e9s photographiques, estime, au regard des pr\u00e9c\u00e9dentes \u00e9ditions et de l\u2019engouement des visiteurs, que <a href=\"https:\/\/www.dna.fr\/culture-loisirs\/2022\/10\/28\/la-photo-argentique-retour-vers-le-passe\" target=\"_blank\" rel=\"nofollow noopener\">l\u2019argentique a encore de beaux jours devant lui<\/a>. Pour autant, les appareils num\u00e9riques ne sont pas \u00e9cart\u00e9s de la bourse\u00a0: ils trouveront une place de choix parmi les 180 m\u00e8tres lin\u00e9aires de stands. La bourse de l\u2019occasion promet de belles affaires \u00e0 faire.<\/p>\n<p>  Une exposition des \u0153uvres des photographes\u00a0du Photo-Club de Lingolsheim<\/p>\n<p>Pour son retour, le salon proposera une exposition des \u0153uvres les plus remarquables des photographes du Photo-Club de Lingolsheim. Noir et blanc, couleur, diapo, photo argentique ou num\u00e9rique\u00a0: la soixantaine de membres du club utilise tous les supports techniques, pour le plus grand plaisir des yeux.<\/p>\n<p class=\"note\">Dimanche 2\u00a0novembre de 10\u00a0h \u00e0 17\u00a0h, centre socioculturel L\u2019Albatros, 1 rue du G\u00e9n\u00e9ral-de-Gaulle \u00e0 Lingolsheim. Entr\u00e9e\u00a0: 3\u00a0euros et \u201cEarly birds\u201d de 8\u00a0h\u00a030 \u00e0 10\u00a0h\u00a0: 15\u00a0euros. Infos et inscriptions\u00a0: Bourse Photo Strasbourg.<\/p>\n","protected":false},"excerpt":{"rendered":"La bourse photo de Strasbourg , qui f\u00eate cette ann\u00e9e sa 33 e \u00e9dition , est l\u2019une des&hellip;\n","protected":false},"author":2,"featured_media":493181,"comment_status":"","ping_status":"","sticky":false,"template":"","format":"standard","meta":{"footnotes":""},"categories":[2820],"tags":[1111,11,5738,11679,1687,2880,1777,674,107,1011,27,775,24067,12,25,640,3089,3365],"class_list":{"0":"post-493180","1":"post","2":"type-post","3":"status-publish","4":"format-standard","5":"has-post-thumbnail","7":"category-strasbourg","8":"tag-actu","9":"tag-actualites","10":"tag-bourses","11":"tag-brocantes","12":"tag-culture-loisirs","13":"tag-edition-strasbourg","14":"tag-eu","15":"tag-europe","16":"tag-fil-info","17":"tag-fr","18":"tag-france","19":"tag-grand-est","20":"tag-lingolsheim","21":"tag-news","22":"tag-republique-francaise","23":"tag-strasbourg","24":"tag-strasbourg-sud","25":"tag-vide-greniers"},"share_on_mastodon":{"url":"https:\/\/pubeurope.com\/@fr\/115446283296324686","error":""},"_links":{"self":[{"href":"https:\/\/www.europesays.com\/fr\/wp-json\/wp\/v2\/posts\/493180","targetHints":{"allow":["GET"]}}],"collection":[{"href":"https:\/\/www.europesays.com\/fr\/wp-json\/wp\/v2\/posts"}],"about":[{"href":"https:\/\/www.europesays.com\/fr\/wp-json\/wp\/v2\/types\/post"}],"author":[{"embeddable":true,"href":"https:\/\/www.europesays.com\/fr\/wp-json\/wp\/v2\/users\/2"}],"replies":[{"embeddable":true,"href":"https:\/\/www.europesays.com\/fr\/wp-json\/wp\/v2\/comments?post=493180"}],"version-history":[{"count":0,"href":"https:\/\/www.europesays.com\/fr\/wp-json\/wp\/v2\/posts\/493180\/revisions"}],"wp:featuredmedia":[{"embeddable":true,"href":"https:\/\/www.europesays.com\/fr\/wp-json\/wp\/v2\/media\/493181"}],"wp:attachment":[{"href":"https:\/\/www.europesays.com\/fr\/wp-json\/wp\/v2\/media?parent=493180"}],"wp:term":[{"taxonomy":"category","embeddable":true,"href":"https:\/\/www.europesays.com\/fr\/wp-json\/wp\/v2\/categories?post=493180"},{"taxonomy":"post_tag","embeddable":true,"href":"https:\/\/www.europesays.com\/fr\/wp-json\/wp\/v2\/tags?post=493180"}],"curies":[{"name":"wp","href":"https:\/\/api.w.org\/{rel}","templated":true}]}}