{"id":493182,"date":"2025-10-27T13:07:12","date_gmt":"2025-10-27T13:07:12","guid":{"rendered":"https:\/\/www.europesays.com\/fr\/493182\/"},"modified":"2025-10-27T13:07:12","modified_gmt":"2025-10-27T13:07:12","slug":"strasbourg-girolamo-randazzo-105-ans-toujours-vaillant","status":"publish","type":"post","link":"https:\/\/www.europesays.com\/fr\/493182\/","title":{"rendered":"Strasbourg. Girolamo Randazzo, 105 ans, toujours vaillant"},"content":{"rendered":"<p>Le 19\u00a0septembre \u00e9tait une journ\u00e9e sp\u00e9ciale pour Girolamo Randazzo, n\u00e9 en Sicile en 1920 et habitant du Neuhof\u2026 Entour\u00e9 de sa femme de bient\u00f4t 97 ans, de son fils et de ses petits et arri\u00e8re-petits-enfants, ce vaillant Alsacien d\u2019adoption depuis 1957 a c\u00e9l\u00e9br\u00e9 ses 105 ans en grande pompe\u00a0!<\/p>\n<p>Girolamo a exerc\u00e9 divers m\u00e9tiers pour finir son \u00e9clectique carri\u00e8re comme polisseur \u00e0 60 ans. Deux passions au compteur\u00a0: le jardinage &#8211;\u00a0200 m2 de jardins familiaux dont il s\u2019est occup\u00e9 jusqu\u2019\u00e0 ses 93 ans \u2013 mais aussi la danse, ne ratant jamais un th\u00e9 dansant\u00a0!<\/p>\n<p>\u00ab\u00a0Il est en tr\u00e8s bonne sant\u00e9, si ce n\u2019est son audition qui est tr\u00e8s diminu\u00e9e\u00a0\u00bb, pr\u00e9cise son fils, d\u00e9vou\u00e9 au quotidien mais mentionnant une forte charge mentale. Si Girolamo a une telle vitalit\u00e9 aujourd\u2019hui, c\u2019est gr\u00e2ce au mouvement &#8211; lui qui continue \u00e0 faire des allers \u2013 retours avec sa canne dans l\u2019appartement \u2013 au r\u00e9gime cr\u00e9tois et \u00e0 sa petite routine quotidienne\u00a0: une pomme et une gousse d\u2019ail crue matin et soir. Le secret de la long\u00e9vit\u00e9\u00a0?<\/p>\n","protected":false},"excerpt":{"rendered":"Le 19\u00a0septembre \u00e9tait une journ\u00e9e sp\u00e9ciale pour Girolamo Randazzo, n\u00e9 en Sicile en 1920 et habitant du Neuhof\u2026&hellip;\n","protected":false},"author":2,"featured_media":493183,"comment_status":"","ping_status":"","sticky":false,"template":"","format":"standard","meta":{"footnotes":""},"categories":[2820],"tags":[1111,11,3581,2880,1777,674,107,1011,27,775,1757,12,25,640,2879],"class_list":{"0":"post-493182","1":"post","2":"type-post","3":"status-publish","4":"format-standard","5":"has-post-thumbnail","7":"category-strasbourg","8":"tag-actu","9":"tag-actualites","10":"tag-anniversaire","11":"tag-edition-strasbourg","12":"tag-eu","13":"tag-europe","14":"tag-fil-info","15":"tag-fr","16":"tag-france","17":"tag-grand-est","18":"tag-insolite","19":"tag-news","20":"tag-republique-francaise","21":"tag-strasbourg","22":"tag-strasbourg-ville"},"share_on_mastodon":{"url":"https:\/\/pubeurope.com\/@fr\/115446287269658289","error":""},"_links":{"self":[{"href":"https:\/\/www.europesays.com\/fr\/wp-json\/wp\/v2\/posts\/493182","targetHints":{"allow":["GET"]}}],"collection":[{"href":"https:\/\/www.europesays.com\/fr\/wp-json\/wp\/v2\/posts"}],"about":[{"href":"https:\/\/www.europesays.com\/fr\/wp-json\/wp\/v2\/types\/post"}],"author":[{"embeddable":true,"href":"https:\/\/www.europesays.com\/fr\/wp-json\/wp\/v2\/users\/2"}],"replies":[{"embeddable":true,"href":"https:\/\/www.europesays.com\/fr\/wp-json\/wp\/v2\/comments?post=493182"}],"version-history":[{"count":0,"href":"https:\/\/www.europesays.com\/fr\/wp-json\/wp\/v2\/posts\/493182\/revisions"}],"wp:featuredmedia":[{"embeddable":true,"href":"https:\/\/www.europesays.com\/fr\/wp-json\/wp\/v2\/media\/493183"}],"wp:attachment":[{"href":"https:\/\/www.europesays.com\/fr\/wp-json\/wp\/v2\/media?parent=493182"}],"wp:term":[{"taxonomy":"category","embeddable":true,"href":"https:\/\/www.europesays.com\/fr\/wp-json\/wp\/v2\/categories?post=493182"},{"taxonomy":"post_tag","embeddable":true,"href":"https:\/\/www.europesays.com\/fr\/wp-json\/wp\/v2\/tags?post=493182"}],"curies":[{"name":"wp","href":"https:\/\/api.w.org\/{rel}","templated":true}]}}