{"id":493186,"date":"2025-10-27T13:09:12","date_gmt":"2025-10-27T13:09:12","guid":{"rendered":"https:\/\/www.europesays.com\/fr\/493186\/"},"modified":"2025-10-27T13:09:12","modified_gmt":"2025-10-27T13:09:12","slug":"pourquoi-le-trafic-est-paralyse-entre-cannes-et-nice-ce-lundi-apres-midi","status":"publish","type":"post","link":"https:\/\/www.europesays.com\/fr\/493186\/","title":{"rendered":"Pourquoi le trafic est paralys\u00e9 entre Cannes et Nice ce lundi apr\u00e8s-midi ?"},"content":{"rendered":"<p itemprop=\"description\">Un incendie de poids lourd sur l\u2019A8 provoque plusieurs heures de bouchons entre Antibes et Villeneuve-Loubet. Une seule voie reste ouverte, entra\u00eenant une paralysie du trafic entre Cannes et Nice. La N7 en bord de mer est \u00e9galement satur\u00e9e, avec plus d\u2019une heure minimum n\u00e9cessaire pour traverser la zone.<\/p>\n<p>        La circulation est extr\u00eamement difficile ce lundi entre Cannes et Nice. En cause\u202f: un poids lourd transportant des pneus qui a pris feu sur l\u2019autoroute A8 en direction de Nice\/Italie, peu apr\u00e8s le grand p\u00e9age d\u2019Antibes. L\u2019incendie a entra\u00een\u00e9 la fermeture compl\u00e8te de l\u2019autoroute pendant plus d\u2019une heure, avant la r\u00e9ouverture partielle de la voie de gauche \u00e0 12h30 pour permettre aux v\u00e9hicules bloqu\u00e9s de reprendre leur route.<\/p>\n<p>Malgr\u00e9 cette r\u00e9ouverture, seule une voie reste praticable, ce qui provoque une congestion majeure qui commence d\u00e8s Mandelieu. On compte actuellement une douzaine de kilom\u00e8tres de bouchons sur l\u2019A8, avec plusieurs heures de ralentissements cumul\u00e9s. Les poids lourds et les voitures engag\u00e9s dans la zone mettent un temps consid\u00e9rable \u00e0 en sortir.<\/p>\n<p>Hors autoroute, la situation n\u2019est gu\u00e8re meilleure. Entre Antibes et Villeneuve-Loubet, la circulation est totalement \u00e0 l\u2019arr\u00eat. La N7, qui longe le bord de mer, est satur\u00e9e. Il faut compter au minimum une heure pour traverser l\u2019ensemble des bouchons sur les axes secondaires.<\/p>\n<p>Les \u00e9quipes de VINCI Autoroutes restent mobilis\u00e9es pour d\u00e9gager la chauss\u00e9e et r\u00e9tablir une circulation fluide. En attendant, les automobilistes sont invit\u00e9s \u00e0 \u00e9viter le secteur ou \u00e0 diff\u00e9rer leurs d\u00e9placements.    <\/p>\n","protected":false},"excerpt":{"rendered":"Un incendie de poids lourd sur l\u2019A8 provoque plusieurs heures de bouchons entre Antibes et Villeneuve-Loubet. Une seule&hellip;\n","protected":false},"author":2,"featured_media":124322,"comment_status":"","ping_status":"","sticky":false,"template":"","format":"standard","meta":{"footnotes":""},"categories":[2819],"tags":[1111,11,31783,7306,2834,1777,674,1011,27,1310,5402,9865,12,2401,61607,5401,882,25,1097],"class_list":{"0":"post-493186","1":"post","2":"type-post","3":"status-publish","4":"format-standard","5":"has-post-thumbnail","7":"category-nice","8":"tag-actu","9":"tag-actualites","10":"tag-apres-midi","11":"tag-cannes","12":"tag-entre","13":"tag-eu","14":"tag-europe","15":"tag-fr","16":"tag-france","17":"tag-incendie","18":"tag-lourd","19":"tag-lundi","20":"tag-news","21":"tag-nice","22":"tag-paralyse","23":"tag-poids","24":"tag-provence-alpes-cote-dazur","25":"tag-republique-francaise","26":"tag-trafic"},"share_on_mastodon":{"url":"https:\/\/pubeurope.com\/@fr\/115446295140318287","error":""},"_links":{"self":[{"href":"https:\/\/www.europesays.com\/fr\/wp-json\/wp\/v2\/posts\/493186","targetHints":{"allow":["GET"]}}],"collection":[{"href":"https:\/\/www.europesays.com\/fr\/wp-json\/wp\/v2\/posts"}],"about":[{"href":"https:\/\/www.europesays.com\/fr\/wp-json\/wp\/v2\/types\/post"}],"author":[{"embeddable":true,"href":"https:\/\/www.europesays.com\/fr\/wp-json\/wp\/v2\/users\/2"}],"replies":[{"embeddable":true,"href":"https:\/\/www.europesays.com\/fr\/wp-json\/wp\/v2\/comments?post=493186"}],"version-history":[{"count":0,"href":"https:\/\/www.europesays.com\/fr\/wp-json\/wp\/v2\/posts\/493186\/revisions"}],"wp:featuredmedia":[{"embeddable":true,"href":"https:\/\/www.europesays.com\/fr\/wp-json\/wp\/v2\/media\/124322"}],"wp:attachment":[{"href":"https:\/\/www.europesays.com\/fr\/wp-json\/wp\/v2\/media?parent=493186"}],"wp:term":[{"taxonomy":"category","embeddable":true,"href":"https:\/\/www.europesays.com\/fr\/wp-json\/wp\/v2\/categories?post=493186"},{"taxonomy":"post_tag","embeddable":true,"href":"https:\/\/www.europesays.com\/fr\/wp-json\/wp\/v2\/tags?post=493186"}],"curies":[{"name":"wp","href":"https:\/\/api.w.org\/{rel}","templated":true}]}}