{"id":493187,"date":"2025-10-27T13:10:30","date_gmt":"2025-10-27T13:10:30","guid":{"rendered":"https:\/\/www.europesays.com\/fr\/493187\/"},"modified":"2025-10-27T13:10:30","modified_gmt":"2025-10-27T13:10:30","slug":"dans-cette-commune-pres-de-nantes-un-super-loto-est-organise-pour-venir-en-aide-aux-beninois","status":"publish","type":"post","link":"https:\/\/www.europesays.com\/fr\/493187\/","title":{"rendered":"Dans cette commune pr\u00e8s de Nantes, un super-loto est organis\u00e9 pour venir en aide aux B\u00e9ninois"},"content":{"rendered":"<p>L\u2019association Materi Pays de Loire, dont le si\u00e8ge est \u00e0<a href=\"https:\/\/www.ouest-france.fr\/recherche\/#!r\/requete=carquefou&amp;filtres%5Bsource%5D%5B0%5D=po&amp;sort=desc&amp;onglet=actualites\" target=\"_blank\" rel=\"noopener\"> Carquefou<\/a>, soutient le d\u00e9veloppement au nord du B\u00e9nin depuis 27\u00a0ans. L\u2019acc\u00e8s \u00e0 l\u2019eau, l\u2019\u00e9ducation, la sant\u00e9, l\u2019agriculture et le d\u00e9veloppement durable sont parmi les principales actions men\u00e9es par ses 110\u00a0b\u00e9n\u00e9voles.<\/p>\n<p>\u00ab\u00a0Ils ne demandent qu\u2019\u00e0 apprendre pour am\u00e9liorer leurs <br \/>conditions de vie\u00a0\u00bb<\/p>\n<p>\u00a0Il existe &#8230;<\/p>\n<p>\u00a0<\/p>\n","protected":false},"excerpt":{"rendered":"L\u2019association Materi Pays de Loire, dont le si\u00e8ge est \u00e0 Carquefou, soutient le d\u00e9veloppement au nord du B\u00e9nin&hellip;\n","protected":false},"author":2,"featured_media":493188,"comment_status":"","ping_status":"","sticky":false,"template":"","format":"standard","meta":{"footnotes":""},"categories":[2818],"tags":[1111,11,4526,61609,7052,1777,674,1011,27,766,12,9271,2636,3762,25,61608,13129],"class_list":{"0":"post-493187","1":"post","2":"type-post","3":"status-publish","4":"format-standard","5":"has-post-thumbnail","7":"category-nantes","8":"tag-actu","9":"tag-actualites","10":"tag-aide","11":"tag-beninois","12":"tag-commune","13":"tag-eu","14":"tag-europe","15":"tag-fr","16":"tag-france","17":"tag-nantes","18":"tag-news","19":"tag-organise","20":"tag-pays-de-la-loire","21":"tag-pres","22":"tag-republique-francaise","23":"tag-super-loto","24":"tag-venir"},"share_on_mastodon":{"url":"https:\/\/pubeurope.com\/@fr\/115446299162037649","error":""},"_links":{"self":[{"href":"https:\/\/www.europesays.com\/fr\/wp-json\/wp\/v2\/posts\/493187","targetHints":{"allow":["GET"]}}],"collection":[{"href":"https:\/\/www.europesays.com\/fr\/wp-json\/wp\/v2\/posts"}],"about":[{"href":"https:\/\/www.europesays.com\/fr\/wp-json\/wp\/v2\/types\/post"}],"author":[{"embeddable":true,"href":"https:\/\/www.europesays.com\/fr\/wp-json\/wp\/v2\/users\/2"}],"replies":[{"embeddable":true,"href":"https:\/\/www.europesays.com\/fr\/wp-json\/wp\/v2\/comments?post=493187"}],"version-history":[{"count":0,"href":"https:\/\/www.europesays.com\/fr\/wp-json\/wp\/v2\/posts\/493187\/revisions"}],"wp:featuredmedia":[{"embeddable":true,"href":"https:\/\/www.europesays.com\/fr\/wp-json\/wp\/v2\/media\/493188"}],"wp:attachment":[{"href":"https:\/\/www.europesays.com\/fr\/wp-json\/wp\/v2\/media?parent=493187"}],"wp:term":[{"taxonomy":"category","embeddable":true,"href":"https:\/\/www.europesays.com\/fr\/wp-json\/wp\/v2\/categories?post=493187"},{"taxonomy":"post_tag","embeddable":true,"href":"https:\/\/www.europesays.com\/fr\/wp-json\/wp\/v2\/tags?post=493187"}],"curies":[{"name":"wp","href":"https:\/\/api.w.org\/{rel}","templated":true}]}}