{"id":493189,"date":"2025-10-27T13:11:30","date_gmt":"2025-10-27T13:11:30","guid":{"rendered":"https:\/\/www.europesays.com\/fr\/493189\/"},"modified":"2025-10-27T13:11:30","modified_gmt":"2025-10-27T13:11:30","slug":"a-nantes-le-festival-fragilise-face-aux-accusations-de-derives-manageriales-de-rene-martin-2","status":"publish","type":"post","link":"https:\/\/www.europesays.com\/fr\/493189\/","title":{"rendered":"\u00e0 Nantes, le festival fragilis\u00e9 face aux accusations de d\u00e9rives manag\u00e9riales de Ren\u00e9 Martin"},"content":{"rendered":"<p class=\"mb-4 text-lg md:leading-8 break-words\">Fin septembre, <a href=\"https:\/\/www.mediacites.fr\/enquete\/nantes\/2025\/10\/24\/ces-nouveaux-temoignages-de-violences-sexuelles-qui-visent-rene-martin\/\" rel=\"nofollow noopener\" target=\"_blank\" data-ylk=\"slk:une enqu\u00eate;elm:context_link;itc:0;sec:content-canvas\" class=\"link \">une enqu\u00eate<\/a> de M\u00e9diacit\u00e9s et La Lettre du Musicien avait fait \u00e9tat d&rsquo;une \u00ab\u00a0porosit\u00e9 entre d\u00e9penses professionnelles et d\u00e9penses personnelles\u00a0\u00bb de <a href=\"https:\/\/fr.news.yahoo.com\/folle-journ%C3%A9e-nantes-rompt-collaboration-142218916.html\" data-ylk=\"slk:Ren\u00e9 Martin;elm:context_link;itc:0;sec:content-canvas;outcm:mb_qualified_link;_E:mb_qualified_link;ct:story;\" class=\"link  yahoo-link\" target=\"_blank\" rel=\"noopener\">Ren\u00e9 Martin<\/a>, figure de la musique classique \u00e0 <a href=\"https:\/\/www.bfmtv.com\/loire-atlantique\/fausse-alerte-a-nantes-l-alarme-incendie-de-la-cathedrale-se-declenche-un-mois-apres-sa-reouverture_AN-202510240379.html\" rel=\"nofollow noopener\" target=\"_blank\" data-ylk=\"slk:Nantes;elm:context_link;itc:0;sec:content-canvas\" class=\"link \">Nantes<\/a> (Loire-Atlantique), mais \u00e9galement d&rsquo;un climat de travail \u00ab\u00a0tr\u00e8s difficile\u00a0\u00bb entre \u00ab\u00a0compliments\u00a0\u00bb, \u00ab\u00a0humiliation\u00a0\u00bb et \u00ab\u00a0emprise\u00a0\u00bb, dans une ambiance \u00ab\u00a0hypersexualis\u00e9e\u00a0\u00bb.<\/p>\n<p class=\"mb-4 text-lg md:leading-8 break-words\">Ce vendredi 24 octobre, la mairie de Nantes a annonc\u00e9 mettre fin \u00e0 toute collaboration avec le cr\u00e9ateur de la Folle Journ\u00e9e, un festival de musique classique, mais aussi avec son association CREA (Centre de r\u00e9alisations et d\u2019\u00e9tudes artistiques).<\/p>\n<p class=\"mb-4 text-lg md:leading-8 break-words\">Johanna Rolland, maire de Nantes, a publi\u00e9 un communiqu\u00e9 ce vendredi assurant les victimes, les salari\u00e9s de son \u00ab\u00a0plein soutien dans ce moment difficile et douloureux. C&rsquo;est d\u00e9sormais au CREA de tirer toutes les cons\u00e9quences des conclusions de cet audit et de prendre les d\u00e9cisions qui s&rsquo;imposent\u00a0\u00bb.<\/p>\n<p class=\"mb-4 text-lg md:leading-8 break-words\">En parall\u00e8le, une enqu\u00eate a \u00e9t\u00e9 ouverte par le procureur de la R\u00e9publique Antoine Leroy pour caract\u00e9riser les faits imput\u00e9s \u00e0 CREA, la parquet a pr\u00e9cis\u00e9 que l&rsquo;audit men\u00e9 en interne conclut \u00e0 des \u00ab\u00a0dysfonctionnements manifestes\u00a0\u00bb dans l&rsquo;organisation et dans les conditions du travail au sein de l&rsquo;association. Il a annonc\u00e9 saisir \u00ab\u00a0\u00e0 brefs d\u00e9lais\u00a0\u00bb l&rsquo;inspection du travail. Le rapport fait \u00e9galement \u00e9tat de \u00ab\u00a0<a href=\"https:\/\/fr.news.yahoo.com\/metoo-culture-propose-commission-denqu%C3%AAte-162930474.html\" data-ylk=\"slk:comportements inappropri\u00e9s;elm:context_link;itc:0;sec:content-canvas;outcm:mb_qualified_link;_E:mb_qualified_link;ct:story;\" class=\"link  yahoo-link\" target=\"_blank\" rel=\"noopener\">comportements inappropri\u00e9s<\/a>\u00a0\u00bb de la part de Ren\u00e9 Martin, 75 ans.<\/p>\n<p class=\"mb-4 text-lg md:leading-8 break-words\">Ren\u00e9 Martin qui r\u00e9fute pour sa part les \u00ab\u00a0accusations de comportements inappropri\u00e9s, de harc\u00e8lement ou d\u2019&rsquo;hypersexualisation&rsquo; des relations de travail\u00a0\u00bb. Ce dernier ajoutant que l&rsquo;audit \u00ab\u00a0ne semble faire \u00e9tat ni d\u2019aucun fait r\u00e9pr\u00e9hensible, ni d\u2019aucun fait constitutif de harc\u00e8lement, mais \u00e9voque surtout des dysfonctionnements organisationnels et manag\u00e9riaux au sein de la structure\u00a0\u00bb.<\/p>\n<p>La r\u00e9gion r\u00e9agit<\/p>\n<p class=\"mb-4 text-lg md:leading-8 break-words\">L&rsquo;annonce de l&rsquo;ouverture du volet judiciaire s&rsquo;est m\u00eal\u00e9e \u00e0 celle de l&rsquo;arr\u00eat des subventions vers\u00e9es au festival par le d\u00e9partement. \u00c0 savoir, un soutien financier, d&rsquo;une valeur de 10.000 euros pour l&rsquo;ann\u00e9e 2026.<\/p>\n<p class=\"mb-4 text-lg md:leading-8 break-words\">\u00ab\u00a0Il appartient d\u00e9sormais au Cr\u00e9a de prendre les mesures qui s\u2019imposent vis-\u00e0-vis de Ren\u00e9 Martin en mettant fin \u00e0 sa collaboration. Dans cette attente, le D\u00e9partement suspend son soutien \u00e0 La Folle Journ\u00e9e\u00a0\u00bb, a d\u00e9clar\u00e9 Michel M\u00e9nard dans un communiqu\u00e9, repris par <a href=\"https:\/\/actu.fr\/pays-de-la-loire\/nantes_44109\/folle-journee-de-nantes-le-departement-suspend-son-soutien-financier_63351425.html\" rel=\"nofollow noopener\" target=\"_blank\" data-ylk=\"slk:actu Nantes;elm:context_link;itc:0;sec:content-canvas\" class=\"link \">actu Nantes<\/a>.<\/p>\n<p class=\"mb-4 text-lg md:leading-8 break-words\">Du c\u00f4t\u00e9 de la r\u00e9gion Pays de la Loire, les r\u00e9v\u00e9lations d&rsquo;accusations ont \u00e9galement fait r\u00e9agir. Un communiqu\u00e9 paru ce vendredi revient sur la n\u00e9cessit\u00e9 du d\u00e9part de Ren\u00e9 Martin du CREA.<\/p>\n<p class=\"mb-4 text-lg md:leading-8 break-words\">Dans les rangs de l&rsquo;organisation r\u00e9gionale, l&rsquo;ancien candidat <a href=\"https:\/\/www.bfmtv.com\/loire-atlantique\/municipales-2026-a-nantes-les-ecologistes-ont-tranche-en-faveur-d-une-alliance-avec-les-socialistes_AN-202510150679.html\" rel=\"nofollow noopener\" target=\"_blank\" data-ylk=\"slk:aux municipales;elm:context_link;itc:0;sec:content-canvas\" class=\"link \">aux municipales<\/a> Julien Bainvel, perdant des primaires de la droite, et \u00e9galement membre du conseil r\u00e9gional, a quant \u00e0 lui appel\u00e9 \u00e0 \u00ab\u00a0sauver la Folle Journ\u00e9e\u00a0\u00bb.<\/p>\n<p class=\"mb-4 text-lg md:leading-8 break-words\">\u00ab\u00a0Sa disparition serait une catastrophe culturelle pour l\u2019ensemble des artistes, compagnies et pour tous les acteurs qui participent \u00e0 l\u2019organisation et \u00e0 la diffusion dans de bonnes conditions de cet \u00e9v\u00e9nement aux retomb\u00e9es \u00e9conomiques importantes pour le tissu Nantais\u00a0\u00bb, \u00e9crit-il dans un communiqu\u00e9 publi\u00e9 ce vendredi sur la plateforme X.<\/p>\n<p class=\"mb-4 text-lg md:leading-8 break-words\"><a href=\"https:\/\/www.bfmtv.com\/people\/musique\/il-faut-sauver-la-folle-journee-a-nantes-le-festival-fragilise-face-aux-accusations-de-derives-manageriales-de-rene-martin_AN-202510270426.html#xtor=AL-68\" rel=\"nofollow noopener\" target=\"_blank\" data-ylk=\"slk:Article original publi\u00e9 sur BFMTV.com;elm:context_link;itc:0;sec:content-canvas\" class=\"link \">Article original publi\u00e9 sur BFMTV.com<\/a><\/p>\n","protected":false},"excerpt":{"rendered":"Fin septembre, une enqu\u00eate de M\u00e9diacit\u00e9s et La Lettre du Musicien avait fait \u00e9tat d&rsquo;une \u00ab\u00a0porosit\u00e9 entre d\u00e9penses&hellip;\n","protected":false},"author":2,"featured_media":493190,"comment_status":"","ping_status":"","sticky":false,"template":"","format":"standard","meta":{"footnotes":""},"categories":[2818],"tags":[1111,11,61610,1777,674,22162,53104,1011,27,6945,61611,6981,766,12,2636,61612,53108,25],"class_list":{"0":"post-493189","1":"post","2":"type-post","3":"status-publish","4":"format-standard","5":"has-post-thumbnail","7":"category-nantes","8":"tag-actu","9":"tag-actualites","10":"tag-depenses-professionnelles","11":"tag-eu","12":"tag-europe","13":"tag-festival-de-musique","14":"tag-folle-journee","15":"tag-fr","16":"tag-france","17":"tag-johanna-rolland","18":"tag-linspection-du-travail","19":"tag-mairie-de-nantes","20":"tag-nantes","21":"tag-news","22":"tag-pays-de-la-loire","23":"tag-relations-de-travail","24":"tag-rene-martin","25":"tag-republique-francaise"},"share_on_mastodon":{"url":"https:\/\/pubeurope.com\/@fr\/115446302903522679","error":""},"_links":{"self":[{"href":"https:\/\/www.europesays.com\/fr\/wp-json\/wp\/v2\/posts\/493189","targetHints":{"allow":["GET"]}}],"collection":[{"href":"https:\/\/www.europesays.com\/fr\/wp-json\/wp\/v2\/posts"}],"about":[{"href":"https:\/\/www.europesays.com\/fr\/wp-json\/wp\/v2\/types\/post"}],"author":[{"embeddable":true,"href":"https:\/\/www.europesays.com\/fr\/wp-json\/wp\/v2\/users\/2"}],"replies":[{"embeddable":true,"href":"https:\/\/www.europesays.com\/fr\/wp-json\/wp\/v2\/comments?post=493189"}],"version-history":[{"count":0,"href":"https:\/\/www.europesays.com\/fr\/wp-json\/wp\/v2\/posts\/493189\/revisions"}],"wp:featuredmedia":[{"embeddable":true,"href":"https:\/\/www.europesays.com\/fr\/wp-json\/wp\/v2\/media\/493190"}],"wp:attachment":[{"href":"https:\/\/www.europesays.com\/fr\/wp-json\/wp\/v2\/media?parent=493189"}],"wp:term":[{"taxonomy":"category","embeddable":true,"href":"https:\/\/www.europesays.com\/fr\/wp-json\/wp\/v2\/categories?post=493189"},{"taxonomy":"post_tag","embeddable":true,"href":"https:\/\/www.europesays.com\/fr\/wp-json\/wp\/v2\/tags?post=493189"}],"curies":[{"name":"wp","href":"https:\/\/api.w.org\/{rel}","templated":true}]}}