{"id":493199,"date":"2025-10-27T13:16:12","date_gmt":"2025-10-27T13:16:12","guid":{"rendered":"https:\/\/www.europesays.com\/fr\/493199\/"},"modified":"2025-10-27T13:16:12","modified_gmt":"2025-10-27T13:16:12","slug":"cest-familial-les-gens-se-rassemblent-et-se-rappellent-des-souvenirs","status":"publish","type":"post","link":"https:\/\/www.europesays.com\/fr\/493199\/","title":{"rendered":"C&rsquo;est familial, les gens se rassemblent et se rappellent des souvenirs"},"content":{"rendered":"<p>            Par<br \/>\n        <strong><br \/>\n            <a href=\"https:\/\/actu.fr\/auteur\/zoe-hondt\" title=\"Consulter tous les articles de Zoe Hondt\" rel=\"nofollow noopener\" target=\"_blank\">Zoe Hondt<\/a><br \/>\n        <\/strong><\/p>\n<p>        Publi\u00e9 le<\/p>\n<p>            27 oct. 2025 \u00e0 13h36        <\/p>\n<p>Les fans attendaient avec impatience. <b>Superbus<\/b> fait son grand retour avec un\u00a0<a href=\"https:\/\/actu.fr\/lille\/loisirs-culture\/concert\" rel=\"nofollow noopener\" target=\"_blank\">concert<\/a> le 29 octobre 2025, sur la sc\u00e8ne de la <b>Condition Publique<\/b> \u00e0 <a href=\"https:\/\/actu.fr\/hauts-de-france\/roubaix_59512\" rel=\"nofollow noopener\" target=\"_blank\">Roubaix<\/a> (Nord). L\u2019occasion de pr\u00e9senter leur <b>nouvel album pop-rock \u00ab\u00a0OK KO\u00a0\u00bb<\/b>, sorti le 4 juillet dernier. Apr\u00e8s neuf ans d\u2019absence, le groupe revient pr\u00e8s du public nordiste, qu\u2019il sait souvent \u00ab\u00a0au rendez-vous\u00a0\u00bb. Jennifer Ayache, la chanteuse, s\u2019est confi\u00e9e \u00e0 Lille Actu sur ce projet qui allie nouveaut\u00e9 et nostalgie.<\/p>\n<p class=\"ac-article-content__question wall-content\">Comment appr\u00e9hendez-vous ce retour sur sc\u00e8ne ?<\/p>\n<p class=\" wall-content\">Plut\u00f4t bien, \u00e7a fait plaisir. Nous sommes tr\u00e8s contents, on a d\u00e9j\u00e0 de bons retours. \u00c7a faisait neuf ans qu\u2019on n\u2019avait pas sorti d\u2019album donc il y avait forc\u00e9ment un peu d\u2019appr\u00e9hension.<\/p>\n<p class=\"ac-article-content__question wall-content\">Vous \u00eates de passage \u00e0 Roubaix ce 29 octobre et il y a d\u00e9j\u00e0 un concert pr\u00e9vu au Z\u00e9nith de Lille le 19 novembre 2026, avez-vous ressenti une forte demande dans le Nord ?<\/p>\n<p class=\" wall-content\">Le Nord est\u00a0 une r\u00e9gion o\u00f9 on sait que \u00e7a fonctionne bien\u00a0et que les gens sont souvent au rendez-vous. On s\u2019est dit que le Z\u00e9nith de\u00a0Lille \u00e9tait forc\u00e9ment un endroit o\u00f9 on devait passer.\u00a0<\/p>\n<p class=\"ac-article-content__question wall-content\">D\u2019o\u00f9 est venue l\u2019envie de cr\u00e9er un nouvel album ?<\/p>\n<p class=\" wall-content\">Ce n\u2019est pas venu d\u2019un coup, finalement \u00e7a fait neuf ans qu\u2019on y r\u00e9fl\u00e9chit. \u00c7a s\u2019est fait au fur et \u00e0 mesure mais tout s\u2019est ralenti au moment du Covid. On a pris un peu plus de temps que pr\u00e9vu. On a jet\u00e9 \u00e9norm\u00e9ment de trucs, d\u2019autres qu\u2019on a repris, des anciennes chansons qu\u2019on a r\u00e9adapt\u00e9es. On a essay\u00e9 plein de choses, parce qu\u2019on voulait trouver un concept comme sur chacun de nos albums. L\u2019id\u00e9e de base \u00e9tait de faire un album comme on le faisait au d\u00e9but dans Superbus, avec guitare, basse, batterie.<\/p>\n<p class=\"ac-article-content__question wall-content\">Plusieurs chansons ont \u00e9t\u00e9 reprises avec d\u2019autres artistes dans votre nouvel album, est-ce pour leur redonner vie ?<\/p>\n<p class=\" wall-content\">Au d\u00e9part, c\u2019\u00e9tait une petite piq\u00fbre de rappel pour les gens, leur dire que nous c\u2019est \u00ab\u00a0Lola\u00a0\u00bb et \u00ab\u00a0Butterfly\u00a0\u00bb. On a choisi ces titres parce qu\u2019ils ont beaucoup fonctionn\u00e9 il y a quelques ann\u00e9es. C\u2019\u00e9tait tout le temps en radio donc on sait que les gens peuvent conna\u00eetre. On avait surtout envie d\u2019inviter des copains, des artistes qu\u2019on aime. Nicolas Sirkis c\u2019\u00e9tait \u00e9vident sur \u00ab\u00a0Lola\u00a0\u00bb. Hoshi \u00e9coutait beaucoup ce titre quand elle \u00e9tait ado donc \u00e7a nous paraissait naturel de l\u2019inviter aussi. On voulait faire d\u00e9couvrir des artistes de la nouvelle sc\u00e8ne comme RORI sur \u00ab\u00a0Butterfly\u00a0\u00bb. \u00c7a s\u2019est fait de mani\u00e8re naturelle.<\/p>\n<p class=\"ac-article-content__question wall-content\">Apr\u00e8s plus de 20 ans de carri\u00e8re, ces collaborations permettent-elles de toucher un public plus jeune ?\u00a0<\/p>\n<p class=\" wall-content\">C\u2019est vrai que c\u2019est compliqu\u00e9 de faire vibrer et de faire tenir un groupe. Nous \u00e7a fait plus de 20 ans, c\u2019est joli. On est fiers, c\u2019est comme une famille. Une nouvelle g\u00e9n\u00e9ration est s\u00fbrement arriv\u00e9e gr\u00e2ce \u00e0 Hoshi et RORI, mais c\u2019est aussi familial. Certains viennent aux concerts avec leurs enfants. C\u2019est vraiment g\u00e9nial, les gens se rassemblent. Ils viennent faire la f\u00eate et se rappeler des souvenirs.<\/p>\n<p>Votre r\u00e9gion, votre actu !<\/p>\n<p>Recevez chaque jour les infos qui comptent pour vous.<\/p>\n<p>\t<a href=\"https:\/\/actu.fr\/newsletter\" class=\"ac-btn ac-btn--corner ac-btn--medium ac-btn--blue800\" rel=\"nofollow noopener\" target=\"_blank\">S&rsquo;incrire<\/a><\/p>\n<p class=\"ac-article-content__question wall-content\">Comment d\u00e9cririez-vous votre nouvel album et la tourn\u00e9e en trois mots ?<\/p>\n<p class=\" wall-content\">Festif, nostalgique et rock. On avait envie de revenir aux sources.<\/p>\n<p class=\"ac-article-content__question wall-content\">Comment voyez-vous la suite apr\u00e8s la tourn\u00e9e ?<\/p>\n<p class=\" wall-content\">Il y a plein de choses qui arrivent comme l\u2019Accor Arena \u00e0 Paris en fin d\u2019ann\u00e9e 2026. On a encore beaucoup de chemin \u00e0 faire. Apr\u00e8s \u00e7a, soit on fait un autre album soit on se repose un peu. Pour l\u2019instant on y pense pas vraiment.<\/p>\n<p class=\" wall-content\">Personnalisez votre actualit\u00e9 en ajoutant vos villes et m\u00e9dias en favori avec <a href=\"https:\/\/moncompte.actu.fr\" title=\"D\u00e9couvez Mon Actu\" rel=\"nofollow noopener\" data-trk=\"{&quot;cta&quot;:{&quot;action&quot;:&quot;https:\\\/\\\/moncompte.actu.fr&quot;,&quot;category&quot;:&quot;mon compte&quot;,&quot;from&quot;:&quot;article footer&quot;,&quot;name&quot;:&quot;Mon actu&quot;,&quot;type&quot;:&quot;cta&quot;}}\" target=\"_blank\">Mon Actu<\/a>.<\/p>\n","protected":false},"excerpt":{"rendered":"Par Zoe Hondt Publi\u00e9 le 27 oct. 2025 \u00e0 13h36 Les fans attendaient avec impatience. Superbus fait son&hellip;\n","protected":false},"author":2,"featured_media":493200,"comment_status":"","ping_status":"","sticky":false,"template":"","format":"standard","meta":{"footnotes":""},"categories":[2815],"tags":[1111,11,1697,1777,674,1011,27,811,1307,1652,873,12,25],"class_list":{"0":"post-493199","1":"post","2":"type-post","3":"status-publish","4":"format-standard","5":"has-post-thumbnail","7":"category-lille","8":"tag-actu","9":"tag-actualites","10":"tag-concert","11":"tag-eu","12":"tag-europe","13":"tag-fr","14":"tag-france","15":"tag-hauts-de-france","16":"tag-lille","17":"tag-loisirs-culture","18":"tag-musique","19":"tag-news","20":"tag-republique-francaise"},"share_on_mastodon":{"url":"https:\/\/pubeurope.com\/@fr\/115446322735321328","error":""},"_links":{"self":[{"href":"https:\/\/www.europesays.com\/fr\/wp-json\/wp\/v2\/posts\/493199","targetHints":{"allow":["GET"]}}],"collection":[{"href":"https:\/\/www.europesays.com\/fr\/wp-json\/wp\/v2\/posts"}],"about":[{"href":"https:\/\/www.europesays.com\/fr\/wp-json\/wp\/v2\/types\/post"}],"author":[{"embeddable":true,"href":"https:\/\/www.europesays.com\/fr\/wp-json\/wp\/v2\/users\/2"}],"replies":[{"embeddable":true,"href":"https:\/\/www.europesays.com\/fr\/wp-json\/wp\/v2\/comments?post=493199"}],"version-history":[{"count":0,"href":"https:\/\/www.europesays.com\/fr\/wp-json\/wp\/v2\/posts\/493199\/revisions"}],"wp:featuredmedia":[{"embeddable":true,"href":"https:\/\/www.europesays.com\/fr\/wp-json\/wp\/v2\/media\/493200"}],"wp:attachment":[{"href":"https:\/\/www.europesays.com\/fr\/wp-json\/wp\/v2\/media?parent=493199"}],"wp:term":[{"taxonomy":"category","embeddable":true,"href":"https:\/\/www.europesays.com\/fr\/wp-json\/wp\/v2\/categories?post=493199"},{"taxonomy":"post_tag","embeddable":true,"href":"https:\/\/www.europesays.com\/fr\/wp-json\/wp\/v2\/tags?post=493199"}],"curies":[{"name":"wp","href":"https:\/\/api.w.org\/{rel}","templated":true}]}}