{"id":493201,"date":"2025-10-27T13:17:11","date_gmt":"2025-10-27T13:17:11","guid":{"rendered":"https:\/\/www.europesays.com\/fr\/493201\/"},"modified":"2025-10-27T13:17:11","modified_gmt":"2025-10-27T13:17:11","slug":"lille-metz-lalbum-photo-football-club-de-metz-infos-fc-metz-entrainements-fc-metz","status":"publish","type":"post","link":"https:\/\/www.europesays.com\/fr\/493201\/","title":{"rendered":"Lille &#8211; Metz, l&rsquo;album photo | Football Club de Metz &#8211; Infos FC Metz &#8211; Entra\u00eenements FC Metz"},"content":{"rendered":"<p>\t \tWeb TV\n<\/p>\n<p>\u00c0 l&rsquo;issue du revers face au LOSC (6-1), St\u00e9phane Le Mignan s&rsquo;est exprim\u00e9 en conf\u00e9rence de presse. D\u00e9couvrez l&rsquo;essentiel de ses propos.\n<\/p>\n<p><a href=\"https:\/\/www.fcmetz.com\/2025-2026\/actualites\/equipe-pro\/lille-metz-la-reaction-de-stephane-le-mignan\" class=\"btn-or-xs\" target=\"_blank\" rel=\"noopener\">Lire la suite<\/a>\t\t\t<\/p>\n<p>\t\tActualit\u00e9s\n<\/p>\n<p>Le dimanche 2\u00a0novembre,\u00a0le FC Metz se rendra sur la pelouse du FC Nantes,\u00a0dans le cadre de la 11\u00e8me journ\u00e9e de Ligue 1 McDonald&rsquo;s. Le coup d&rsquo;envoi de&#8230;<\/p>\n<p><a href=\"https:\/\/www.fcmetz.com\/2025-2026\/actualites\/equipe-pro\/nantes-metz-les-modalites-billetterie\" class=\"btn-or-xs\" target=\"_blank\" rel=\"noopener\">Lire la suite<\/a>\t\t\t<\/p>\n","protected":false},"excerpt":{"rendered":"Web TV \u00c0 l&rsquo;issue du revers face au LOSC (6-1), St\u00e9phane Le Mignan s&rsquo;est exprim\u00e9 en conf\u00e9rence de&hellip;\n","protected":false},"author":2,"featured_media":493202,"comment_status":"","ping_status":"","sticky":false,"template":"","format":"standard","meta":{"footnotes":""},"categories":[2815],"tags":[1111,11,19298,1777,674,1011,27,811,19297,1307,12,25,19299],"class_list":{"0":"post-493201","1":"post","2":"type-post","3":"status-publish","4":"format-standard","5":"has-post-thumbnail","7":"category-lille","8":"tag-actu","9":"tag-actualites","10":"tag-entrainements-fc-metz","11":"tag-eu","12":"tag-europe","13":"tag-fr","14":"tag-france","15":"tag-hauts-de-france","16":"tag-infos-fc-metz","17":"tag-lille","18":"tag-news","19":"tag-republique-francaise","20":"tag-videos-fc-metz"},"share_on_mastodon":{"url":"https:\/\/pubeurope.com\/@fr\/115446326919511541","error":""},"_links":{"self":[{"href":"https:\/\/www.europesays.com\/fr\/wp-json\/wp\/v2\/posts\/493201","targetHints":{"allow":["GET"]}}],"collection":[{"href":"https:\/\/www.europesays.com\/fr\/wp-json\/wp\/v2\/posts"}],"about":[{"href":"https:\/\/www.europesays.com\/fr\/wp-json\/wp\/v2\/types\/post"}],"author":[{"embeddable":true,"href":"https:\/\/www.europesays.com\/fr\/wp-json\/wp\/v2\/users\/2"}],"replies":[{"embeddable":true,"href":"https:\/\/www.europesays.com\/fr\/wp-json\/wp\/v2\/comments?post=493201"}],"version-history":[{"count":0,"href":"https:\/\/www.europesays.com\/fr\/wp-json\/wp\/v2\/posts\/493201\/revisions"}],"wp:featuredmedia":[{"embeddable":true,"href":"https:\/\/www.europesays.com\/fr\/wp-json\/wp\/v2\/media\/493202"}],"wp:attachment":[{"href":"https:\/\/www.europesays.com\/fr\/wp-json\/wp\/v2\/media?parent=493201"}],"wp:term":[{"taxonomy":"category","embeddable":true,"href":"https:\/\/www.europesays.com\/fr\/wp-json\/wp\/v2\/categories?post=493201"},{"taxonomy":"post_tag","embeddable":true,"href":"https:\/\/www.europesays.com\/fr\/wp-json\/wp\/v2\/tags?post=493201"}],"curies":[{"name":"wp","href":"https:\/\/api.w.org\/{rel}","templated":true}]}}