{"id":493206,"date":"2025-10-27T13:20:14","date_gmt":"2025-10-27T13:20:14","guid":{"rendered":"https:\/\/www.europesays.com\/fr\/493206\/"},"modified":"2025-10-27T13:20:14","modified_gmt":"2025-10-27T13:20:14","slug":"deja-condamne-pour-une-fusillade-sur-un-parking-il-echappe-a-la-prison-pour-avoir-tire-en-lair-dans-le-campement-de-gens-du-voyage","status":"publish","type":"post","link":"https:\/\/www.europesays.com\/fr\/493206\/","title":{"rendered":"d\u00e9j\u00e0 condamn\u00e9 pour une fusillade sur un parking, il \u00e9chappe \u00e0 la prison pour avoir tir\u00e9 en l&rsquo;air dans le campement de gens du voyage"},"content":{"rendered":"<p itemprop=\"description\"><strong>C&rsquo;est depuis la prison d&rsquo;Aiton en Savoie qu&rsquo;il a comparu il y a quelques jours.<\/strong><\/p>\n<p>Ce membre de la communaut\u00e9 des gens du voyage avait \u00e9t\u00e9 condamn\u00e9 fin 2023 pour avoir particip\u00e9 \u00e0 une fusillade sur le parking d&rsquo;un centre commercial de Belleville-en-Beaujolais en 2019. Ce jour-l\u00e0, une femme qui rangeait ses courses avait re\u00e7u une balle perdue.<\/p>\n<p>Sauf qu&rsquo;entre les faits et la condamnation, le jeune homme de 25 ans avait \u00e0 nouveau utilis\u00e9 une arme \u00e0 feu. Le 15 juillet 2022 \u00e0 Anse, lors d&rsquo;un conflit familial, il avait tir\u00e9 en l&rsquo;air avec son fusil.<\/p>\n<p>Face aux juges de Villefranche-sur-Sa\u00f4ne, \u00e0 travers le dispositif de visioconf\u00e9rence, il a expliqu\u00e9 avoir simplement voulu v\u00e9rifier si son fusil \u00e9tait charg\u00e9. D&rsquo;o\u00f9 le tir en l&rsquo;air. Dr\u00f4le de m\u00e9thode plut\u00f4t que d&rsquo;ouvrir et regarder si la chambre est provisionn\u00e9e.<\/p>\n<p>Pourtant, les gendarmes avaient d\u00e9couvert trois douilles au sol dans le campement.<\/p>\n<p>Six mois de prison ferme ont \u00e9t\u00e9 requis \u00e0 son encontre. Le tribunal caladois a pr\u00e9f\u00e9r\u00e9 prononcer 4 mois de prison, qui seront am\u00e9nag\u00e9s lorsqu&rsquo;il terminera sa peine actuelle pour la fusillade de Belleville.<\/p>\n","protected":false},"excerpt":{"rendered":"C&rsquo;est depuis la prison d&rsquo;Aiton en Savoie qu&rsquo;il a comparu il y a quelques jours. Ce membre de&hellip;\n","protected":false},"author":2,"featured_media":493207,"comment_status":"","ping_status":"","sticky":false,"template":"","format":"standard","meta":{"footnotes":""},"categories":[1889],"tags":[1111,11,2813,2190,2430,1109,251,1112,2811,1777,674,118,1011,27,1922,1110,1114,2428,2810,12,241,316,25,2812,517,800],"class_list":{"0":"post-493206","1":"post","2":"type-post","3":"status-publish","4":"format-standard","5":"has-post-thumbnail","7":"category-lyon","8":"tag-actu","9":"tag-actualites","10":"tag-article","11":"tag-asvel","12":"tag-auvergne-rhone-alpes","13":"tag-breves","14":"tag-culture","15":"tag-depeches","16":"tag-economique","17":"tag-eu","18":"tag-europe","19":"tag-faits-divers","20":"tag-fr","21":"tag-france","22":"tag-info","23":"tag-informations","24":"tag-infos","25":"tag-lyon","26":"tag-lyonmag","27":"tag-news","28":"tag-ol","29":"tag-politique","30":"tag-republique-francaise","31":"tag-sociale","32":"tag-sport","33":"tag-transports"},"share_on_mastodon":{"url":"https:\/\/pubeurope.com\/@fr\/115446338371483806","error":""},"_links":{"self":[{"href":"https:\/\/www.europesays.com\/fr\/wp-json\/wp\/v2\/posts\/493206","targetHints":{"allow":["GET"]}}],"collection":[{"href":"https:\/\/www.europesays.com\/fr\/wp-json\/wp\/v2\/posts"}],"about":[{"href":"https:\/\/www.europesays.com\/fr\/wp-json\/wp\/v2\/types\/post"}],"author":[{"embeddable":true,"href":"https:\/\/www.europesays.com\/fr\/wp-json\/wp\/v2\/users\/2"}],"replies":[{"embeddable":true,"href":"https:\/\/www.europesays.com\/fr\/wp-json\/wp\/v2\/comments?post=493206"}],"version-history":[{"count":0,"href":"https:\/\/www.europesays.com\/fr\/wp-json\/wp\/v2\/posts\/493206\/revisions"}],"wp:featuredmedia":[{"embeddable":true,"href":"https:\/\/www.europesays.com\/fr\/wp-json\/wp\/v2\/media\/493207"}],"wp:attachment":[{"href":"https:\/\/www.europesays.com\/fr\/wp-json\/wp\/v2\/media?parent=493206"}],"wp:term":[{"taxonomy":"category","embeddable":true,"href":"https:\/\/www.europesays.com\/fr\/wp-json\/wp\/v2\/categories?post=493206"},{"taxonomy":"post_tag","embeddable":true,"href":"https:\/\/www.europesays.com\/fr\/wp-json\/wp\/v2\/tags?post=493206"}],"curies":[{"name":"wp","href":"https:\/\/api.w.org\/{rel}","templated":true}]}}