{"id":493214,"date":"2025-10-27T13:28:15","date_gmt":"2025-10-27T13:28:15","guid":{"rendered":"https:\/\/www.europesays.com\/fr\/493214\/"},"modified":"2025-10-27T13:28:15","modified_gmt":"2025-10-27T13:28:15","slug":"poppy-en-concert-a-lolympia-de-paris-en-mars-2026-news-rockurlife","status":"publish","type":"post","link":"https:\/\/www.europesays.com\/fr\/493214\/","title":{"rendered":"Poppy : en concert \u00e0 l\u2019Olympia de Paris en mars 2026 ! &#8211; News &#8211; RockUrLife"},"content":{"rendered":"<p>Quelques jours apr\u00e8s avoir r\u00e9v\u00e9l\u00e9 son single \u201c<a href=\"https:\/\/www.rockurlife.net\/news\/poppy-nouveau-single-unravel\/\" target=\"_blank\" rel=\"noopener\">Unravel<\/a>\u201d, l\u2019ic\u00f4ne audacieuse de la sc\u00e8ne alternative <strong>Poppy<\/strong> annonce une date parisienne !<\/p>\n<p>Le <strong>Constantly Nowhere Tour<\/strong> s\u2019arr\u00eatera par la capitale, plus pr\u00e9cis\u00e9ment, le <strong>dimanche\u00a015 mars 2026<\/strong>\u00a0pour un\u00a0show explosif o\u00f9 se m\u00ealeront\u00a0pop, metal et \u00e9lectro\u00a0dans une fusion aussi d\u00e9routante que magn\u00e9tique.<\/p>\n<p>R\u00e9v\u00e9l\u00e9e par son univers singulier entre performance art et chaos sonore, l\u2019artiste am\u00e9ricaine promet un set immersif, visuellement saisissant et intens\u00e9ment cathartique. Et pour compl\u00e9ter l\u2019affiche,\u00a0<strong>Ocean Grove<\/strong>\u00a0et\u00a0<strong>Fox Lake<\/strong>\u00a0assureront la premi\u00e8re partie, apportant chacun leur touche d\u2019\u00e9nergie brute.<\/p>\n<p>Mise en vente\u00a0le vendredi\u00a031 octobre \u00e0 10h <a href=\"https:\/\/ow.ly\/bQbB50Xic3P\" target=\"_blank\" rel=\"noopener\">ici<\/a>.<\/p>\n<p>Un rendez-vous immanquable pour celles et ceux qui aiment repousser les fronti\u00e8res du son.<\/p>\n<p><img loading=\"lazy\" decoding=\"async\" width=\"1024\" height=\"576\" src=\"https:\/\/www.europesays.com\/fr\/wp-content\/uploads\/2025\/10\/IMG_3162-1024x576.jpeg\" alt=\"\" class=\"wp-image-228441\"\/><\/p>\n","protected":false},"excerpt":{"rendered":"Quelques jours apr\u00e8s avoir r\u00e9v\u00e9l\u00e9 son single \u201cUnravel\u201d, l\u2019ic\u00f4ne audacieuse de la sc\u00e8ne alternative Poppy annonce une date&hellip;\n","protected":false},"author":2,"featured_media":493215,"comment_status":"","ping_status":"","sticky":false,"template":"","format":"standard","meta":{"footnotes":""},"categories":[1888],"tags":[1111,1928,11,1927,1777,674,1011,27,12,1926,15955,626,1925,52398,25],"class_list":{"0":"post-493214","1":"post","2":"type-post","3":"status-publish","4":"format-standard","5":"has-post-thumbnail","7":"category-paris","8":"tag-actu","9":"tag-actu-paris","10":"tag-actualites","11":"tag-actualites-paris","12":"tag-eu","13":"tag-europe","14":"tag-fr","15":"tag-france","16":"tag-news","17":"tag-news-paris","18":"tag-olympia","19":"tag-paris","20":"tag-paris-news","21":"tag-poppy","22":"tag-republique-francaise"},"share_on_mastodon":{"url":"https:\/\/pubeurope.com\/@fr\/115446370781024458","error":""},"_links":{"self":[{"href":"https:\/\/www.europesays.com\/fr\/wp-json\/wp\/v2\/posts\/493214","targetHints":{"allow":["GET"]}}],"collection":[{"href":"https:\/\/www.europesays.com\/fr\/wp-json\/wp\/v2\/posts"}],"about":[{"href":"https:\/\/www.europesays.com\/fr\/wp-json\/wp\/v2\/types\/post"}],"author":[{"embeddable":true,"href":"https:\/\/www.europesays.com\/fr\/wp-json\/wp\/v2\/users\/2"}],"replies":[{"embeddable":true,"href":"https:\/\/www.europesays.com\/fr\/wp-json\/wp\/v2\/comments?post=493214"}],"version-history":[{"count":0,"href":"https:\/\/www.europesays.com\/fr\/wp-json\/wp\/v2\/posts\/493214\/revisions"}],"wp:featuredmedia":[{"embeddable":true,"href":"https:\/\/www.europesays.com\/fr\/wp-json\/wp\/v2\/media\/493215"}],"wp:attachment":[{"href":"https:\/\/www.europesays.com\/fr\/wp-json\/wp\/v2\/media?parent=493214"}],"wp:term":[{"taxonomy":"category","embeddable":true,"href":"https:\/\/www.europesays.com\/fr\/wp-json\/wp\/v2\/categories?post=493214"},{"taxonomy":"post_tag","embeddable":true,"href":"https:\/\/www.europesays.com\/fr\/wp-json\/wp\/v2\/tags?post=493214"}],"curies":[{"name":"wp","href":"https:\/\/api.w.org\/{rel}","templated":true}]}}