{"id":49322,"date":"2025-04-24T14:02:09","date_gmt":"2025-04-24T14:02:09","guid":{"rendered":"https:\/\/www.europesays.com\/fr\/49322\/"},"modified":"2025-04-24T14:02:09","modified_gmt":"2025-04-24T14:02:09","slug":"une-oeuvre-dandy-warhol-perdue-probablement-jetee-aux-ordures","status":"publish","type":"post","link":"https:\/\/www.europesays.com\/fr\/49322\/","title":{"rendered":"Une \u0153uvre d&rsquo;Andy Warhol perdue, probablement jet\u00e9e aux ordures"},"content":{"rendered":"<p>                             Par Le Figaro avec AFP<\/p>\n<p>\n            Publi\u00e9<br \/>\n                le 24 avril 2025 \u00e0 15h14,<br \/>\n                 mis \u00e0 jour le 24 avril 2025 \u00e0 16h00<\/p>\n<p>\u00a0\u00bb<br \/>\n        data-script=\u00a0\u00bbhttps:\/\/static.lefigaro.fr\/widget-video\/short-ttl\/video\/index.js\u00a0\u00bb<br \/>\n    &gt;<\/p>\n<p>Un exemplaire d\u2019une s\u00e9rigraphie de l\u2019artiste am\u00e9ricain\u00a0<br \/>repr\u00e9sentant Beatrix, reine-m\u00e8re des Pays Bas a \u00e9t\u00e9 \u00e9gar\u00e9 lors des r\u00e9novations de l\u2019h\u00f4tel de ville d\u2019Uden en 2024. Apr\u00e8s des mois d\u2019enqu\u00eate, l\u2019agence de recherche, BING, a conclu qu\u2019un manque de vigilance \u00e9tait \u00e0 l\u2019origine de cette perte.<\/p>\n<p class=\"fig-paragraph\">Une \u0153uvre\u00a0<a href=\"http:\/\/www.lefigaro.fr\/flash-actu\/vol-de-deux-andy-warhol-aux-pays-bas-d-autres-serigraphies-retrouvees-dans-la-rue-20241101\" target=\"_blank\" data-fig-type=\"NewsFlash\" rel=\"noopener\" data-gtm-custom-categorie=\"navigation\" data-gtm-custom-action=\"crossclick\" data-gtm-custom-label=\"Contextuel\" data-gtm-event=\"customEventSPE\" data-fig-domain=\"LEFIGARO\">d&rsquo;Andy Warhol<\/a>\u00a0disparue dans une commune du sud-est des Pays Bas fin 2024 a probablement \u00e9t\u00e9 jet\u00e9e \u00e0 la poubelle, a indiqu\u00e9 jeudi 24 avril la municipalit\u00e9, dans un communiqu\u00e9 relayant les r\u00e9sultats d&rsquo;une enqu\u00eate ind\u00e9pendante. L&rsquo;\u0153uvre\u00a0<a href=\"http:\/\/www.lefigaro.fr\/horlogerie\/piaget-relance-la-montre-folle-d-andy-warhol-20241031\" target=\"_blank\" data-fig-type=\"Article\" rel=\"noopener\" data-gtm-custom-categorie=\"navigation\" data-gtm-custom-action=\"crossclick\" data-gtm-custom-label=\"Contextuel\" data-gtm-event=\"customEventSPE\" data-fig-domain=\"LEFIGARO\">de l&rsquo;artiste<\/a>\u00a0\u00e0 l&rsquo;origine du mouvement Pop Art avait disparu fin 2024 lors des r\u00e9novations de l&rsquo;h\u00f4tel de ville de la commune d&rsquo;Uden, dans un contexte de r\u00e9organisation territoriale.<\/p>\n<p class=\"fig-paragraph\">\u00ab\u00a0Il est tr\u00e8s probable que les \u0153uvres d&rsquo;art manquantes de la municipalit\u00e9 aient \u00e9t\u00e9 accidentellement jet\u00e9es avec les d\u00e9chets encombrants\u00a0\u00bb, a d\u00e9clar\u00e9 la municipalit\u00e9 de Maashorst (Brabant-Septentrional). La municipalit\u00e9 a indiqu\u00e9 avoir commissionn\u00e9 l&rsquo;agence de recherche externe BING entre novembre 2024 et mars 2025 pour mener l&rsquo;enqu\u00eate sur la disparition de plusieurs \u0153uvres d&rsquo;art, dont un exemplaire d&rsquo;une s\u00e9rigraphie d&rsquo;Andy Warhol repr\u00e9sentant Beatrix, reine-m\u00e8re des Pays-Bas.<\/p>\n<p class=\"fig-paragraph\">\u00ab\u00a0L&rsquo;enqu\u00eate a consist\u00e9 principalement en des entretiens avec des fonctionnaires et des administrateurs impliqu\u00e9s\u00a0\u00bb, a pr\u00e9cis\u00e9 la municipalit\u00e9. BING a conclu que des insuffisances \u00e9taient \u00e0 l&rsquo;origine de la disparition. \u00ab\u00a0Par exemple, la propri\u00e9t\u00e9 n&rsquo;a pas \u00e9t\u00e9 correctement attribu\u00e9e, il n&rsquo;y a pas eu de politiques et de proc\u00e9dures \u00e9tablies autour de la r\u00e9novation, et il n&rsquo;y a pas eu d&rsquo;action rapide lorsque les \u0153uvres d&rsquo;art se sont av\u00e9r\u00e9es manquantes.\u00a0\u00bb \u00abIl n&rsquo;y avait pas non plus de lignes directrices pour l&rsquo;enregistrement, le stockage, la conservation et la s\u00e9curit\u00e9 des \u0153uvres\u00a0\u00bb, a r\u00e9v\u00e9l\u00e9 l&rsquo;enqu\u00eate.<\/p>\n<p class=\"fig-paragraph\">\u00c0 la fin de sa vie, Andy Warhol a produit deux \u00e9ditions de cette s\u00e9rie repr\u00e9sentant quatre reines, dont Beatrix. Une \u00e9dition normale de 40 exemplaires et une \u00ab\u00a0\u00e9dition royale\u00a0\u00bb de lithographies \u00e0 l&rsquo;effet scintillant.<\/p>\n","protected":false},"excerpt":{"rendered":"Par Le Figaro avec AFP Publi\u00e9 le 24 avril 2025 \u00e0 15h14, mis \u00e0 jour le 24 avril&hellip;\n","protected":false},"author":2,"featured_media":49323,"comment_status":"","ping_status":"","sticky":false,"template":"","format":"standard","meta":{"footnotes":""},"categories":[1358],"tags":[47,14114,1350,1348,1384,1385,1345,650,251,1386,58,59,1349,1346,1011,27,1351,873,934,252,1347,1352],"class_list":{"0":"post-49322","1":"post","2":"type-post","3":"status-publish","4":"format-standard","5":"has-post-thumbnail","7":"category-arts-et-design","8":"tag-actualite","9":"tag-andy-warhol","10":"tag-architecture","11":"tag-arts","12":"tag-arts-and-design","13":"tag-arts-et-design","14":"tag-cine","15":"tag-cinema","16":"tag-culture","17":"tag-design","18":"tag-divertissement","19":"tag-entertainment","20":"tag-expositions","21":"tag-films","22":"tag-fr","23":"tag-france","24":"tag-litterature","25":"tag-musique","26":"tag-pays-bas","27":"tag-television","28":"tag-theatre","29":"tag-urbanisme"},"share_on_mastodon":{"url":"https:\/\/pubeurope.com\/@fr\/114393313683543354","error":""},"_links":{"self":[{"href":"https:\/\/www.europesays.com\/fr\/wp-json\/wp\/v2\/posts\/49322","targetHints":{"allow":["GET"]}}],"collection":[{"href":"https:\/\/www.europesays.com\/fr\/wp-json\/wp\/v2\/posts"}],"about":[{"href":"https:\/\/www.europesays.com\/fr\/wp-json\/wp\/v2\/types\/post"}],"author":[{"embeddable":true,"href":"https:\/\/www.europesays.com\/fr\/wp-json\/wp\/v2\/users\/2"}],"replies":[{"embeddable":true,"href":"https:\/\/www.europesays.com\/fr\/wp-json\/wp\/v2\/comments?post=49322"}],"version-history":[{"count":0,"href":"https:\/\/www.europesays.com\/fr\/wp-json\/wp\/v2\/posts\/49322\/revisions"}],"wp:featuredmedia":[{"embeddable":true,"href":"https:\/\/www.europesays.com\/fr\/wp-json\/wp\/v2\/media\/49323"}],"wp:attachment":[{"href":"https:\/\/www.europesays.com\/fr\/wp-json\/wp\/v2\/media?parent=49322"}],"wp:term":[{"taxonomy":"category","embeddable":true,"href":"https:\/\/www.europesays.com\/fr\/wp-json\/wp\/v2\/categories?post=49322"},{"taxonomy":"post_tag","embeddable":true,"href":"https:\/\/www.europesays.com\/fr\/wp-json\/wp\/v2\/tags?post=49322"}],"curies":[{"name":"wp","href":"https:\/\/api.w.org\/{rel}","templated":true}]}}