{"id":493224,"date":"2025-10-27T13:33:15","date_gmt":"2025-10-27T13:33:15","guid":{"rendered":"https:\/\/www.europesays.com\/fr\/493224\/"},"modified":"2025-10-27T13:33:15","modified_gmt":"2025-10-27T13:33:15","slug":"droits-de-douane-usa-canada-donald-trump-a-refuse-toute-rencontre-avec-mark-carney-sur-fond-de-brouille-autour-dune-publicite","status":"publish","type":"post","link":"https:\/\/www.europesays.com\/fr\/493224\/","title":{"rendered":"Droits de douane USA-Canada: Donald Trump a refus\u00e9 toute rencontre avec Mark Carney, sur fond de brouille autour d&rsquo;une publicit\u00e9"},"content":{"rendered":"<p>Kuala Lumpur &#8211; Arcbout\u00e9e sur une nouvelle hausse des droits de douane sur les produits de son voisin, Donald Trump a refus\u00e9 lundi toute rencontre avec le Premier ministre canadien Mark Carney, sur fond de brouille autour d\u2019une publicit\u00e9 qu\u2019il a qualifi\u00e9e d\u2019\u00a0\u00bbacte hostile\u00bb.<\/p>\n<p>\u00abNous sommes pr\u00eats \u00e0 nous asseoir \u00e0 la table des n\u00e9gociations (&#8230;) lorsque les \u00c9tats-Unis seront pr\u00eats \u00e0 s\u2019y asseoir\u00bb, a tent\u00e9 M. Carney aux journalistes, en marge du sommet de l\u2019Asean (Association des Nations d\u2019Asie du sud-est), en Malaisie.<\/p>\n<p>Mais une telle perspective semblait bien improbable \u00e0 court terme. Le dirigeant canadien a indiqu\u00e9 n\u2019avoir eu aucun contact avec le milliardaire am\u00e9ricain \u00e0 Kuala Lumpur, o\u00f9 ils se trouvaient tous les deux lundi. Et ce dernier s\u2019est montr\u00e9 inflexible sur une entrevue au sommet de la Coop\u00e9ration \u00e9conomique Asie-Pacifique (Apec), mercredi en Cor\u00e9e du Sud.<\/p>\n<p>\u00abJe ne veux pas le rencontrer. Je ne vais pas le rencontrer avant longtemps\u00bb, a-t-il indiqu\u00e9 \u00e0 la presse. \u00abL\u2019un des pays les plus difficiles \u00e0 g\u00e9rer, c\u2019est le Canada, m\u00eame si j\u2019aime le Canada lui-m\u00eame et le peuple canadien\u00bb.<\/p>\n<p>Il n\u2019a donn\u00e9 aucune information sur la date d\u2019entr\u00e9e en vigueur de ces 10% additionnels.<\/p>\n<p>Donald Trump, qui a rompu les relations commerciales avec son voisin, avait annonc\u00e9 samedi l\u2019ajout de 10% suppl\u00e9mentaires contre les importations d\u00e9j\u00e0 concern\u00e9es. En cause, une campagne publicitaire produite par la province canadienne de l\u2019Ontario (centre-est), diffus\u00e9e vendredi soir \u00e0 l\u2019occasion du premier match des finales du championnat nord-am\u00e9ricain de baseball.<\/p>\n<p>Le spot utilisait des extraits d\u2019un discours de Ronald Reagan, dans lequel l\u2019ex-pr\u00e9sident am\u00e9ricain expliquait que les \u00abdroits de douanes \u00e9lev\u00e9s \u00abentra\u00eenent des repr\u00e9sailles de la part des pays \u00e9trangers et d\u00e9clenchent de f\u00e9roces guerres commerciales\u00bb. Une citation v\u00e9rifi\u00e9e par l\u2019AFP. <\/p>\n<p>Donald Trump a d\u00e9nonc\u00e9 une \u00abgrave d\u00e9formation des faits\u00bb, un \u00abacte hostile\u00bb et un \u00abcoup tordu\u00bb du Canada sur sa plateforme Truth Social. La Fondation Ronald Reagan a pour sa part accus\u00e9 la campagne sur X de \u00abd\u00e9former\u00bb les propos de l\u2019ex-pr\u00e9sident, utilis\u00e9s \u00abde mani\u00e8re s\u00e9lective\u00bb. Elle a pr\u00e9ciser examiner des \u00aboptions juridiques\u00bb.<\/p>\n<p> Une Rencontre Xi-Carney mercredi <\/p>\n<p>Avant la diffusion de cette publicit\u00e9, une rencontre entre Mark Carney et Donald Trump \u00e9tait pr\u00e9vue au sommet de l\u2019APEC.<\/p>\n<p>Ce nouvel \u00e9pisode est un coup dur pour le Canada au moment o\u00f9 un accord commercial entre les deux pays &#8211; portant sur l\u2019acier, l\u2019aluminium et l&rsquo;\u00e9nergie &#8211; semblait pouvoir \u00eatre conclu, selon le journal canadien Globe and Mail.<\/p>\n<p>Le pr\u00e9sident r\u00e9publicain a impos\u00e9, depuis son retour \u00e0 la Maison Blanche en janvier, des surtaxes sur les importations du monde entier, y compris ses alli\u00e9s majeurs. Il a n\u00e9goci\u00e9 &#8211; et obtenu avec un certain nombre de pays &#8211; des accords bilat\u00e9raux. En sus, il a d\u00e9cid\u00e9 d\u2019appliquer des droits de douane sur certains produits sp\u00e9cifiques (acier et aluminium, en particulier). <\/p>\n<p>Le Canada est le deuxi\u00e8me partenaire commercial des Etats-Unis et un fournisseur majeur d\u2019acier et d\u2019aluminium pour les entreprises am\u00e9ricaines, notamment la construction automobile.<\/p>\n<p>Avant l\u2019annonce de samedi, une partie des importations canadiennes subissaient des droits de douane maximum de 25% (10% pour l&rsquo;\u00e9nergie et la potasse). Mais en sont exempt\u00e9es toutes les marchandises entrant dans le cadre de l\u2019accord de libre-\u00e9change entre les Etats-Unis, le Canada et le Mexique (ACEUM).<\/p>\n<p>Ces surtaxes ont durement touch\u00e9 Ottawa, entra\u00eenant des pertes d\u2019emploi et mettant les entreprises sous pression.<\/p>\n<p>S\u2019exprimant vendredi avant de s\u2019envoler, lui aussi, pour l\u2019Asie, M. Carney avait jug\u00e9 que les discussions bilat\u00e9rales montraient des \u00abprogr\u00e8s\u00bb. Mais \u00abnous ne pouvons pas contr\u00f4ler la politique commerciale des Etats-Unis\u00bb, avait-il relev\u00e9, soulignant son d\u00e9sir d\u2019approfondir les \u00e9changes commerciaux avec d\u2019autres pays.<\/p>\n<p>A cet \u00e9gard, il a indiqu\u00e9 lundi avoir accept\u00e9 de rencontrer le pr\u00e9sident chinois Xi Jinping lors du sommet de l\u2019Apec, pour des discussions sur la \u00abrelation commerciale bilat\u00e9rale ainsi que l&rsquo;\u00e9volution du syst\u00e8me mondial\u00bb.<\/p>\n<p>\u00a9 Agence France-Presse<\/p>\n","protected":false},"excerpt":{"rendered":"Kuala Lumpur &#8211; Arcbout\u00e9e sur une nouvelle hausse des droits de douane sur les produits de son voisin,&hellip;\n","protected":false},"author":2,"featured_media":493225,"comment_status":"","ping_status":"","sticky":false,"template":"","format":"standard","meta":{"footnotes":""},"categories":[1589],"tags":[11,73,1866,12,1864,1865,1863,308],"class_list":{"0":"post-493224","1":"post","2":"type-post","3":"status-publish","4":"format-standard","5":"has-post-thumbnail","7":"category-etats-unis","8":"tag-actualites","9":"tag-etats-unis","10":"tag-etats-unis-damerique","11":"tag-news","12":"tag-united-states","13":"tag-united-states-of-america","14":"tag-us","15":"tag-usa"},"share_on_mastodon":{"url":"https:\/\/pubeurope.com\/@fr\/115446389453724061","error":""},"_links":{"self":[{"href":"https:\/\/www.europesays.com\/fr\/wp-json\/wp\/v2\/posts\/493224","targetHints":{"allow":["GET"]}}],"collection":[{"href":"https:\/\/www.europesays.com\/fr\/wp-json\/wp\/v2\/posts"}],"about":[{"href":"https:\/\/www.europesays.com\/fr\/wp-json\/wp\/v2\/types\/post"}],"author":[{"embeddable":true,"href":"https:\/\/www.europesays.com\/fr\/wp-json\/wp\/v2\/users\/2"}],"replies":[{"embeddable":true,"href":"https:\/\/www.europesays.com\/fr\/wp-json\/wp\/v2\/comments?post=493224"}],"version-history":[{"count":0,"href":"https:\/\/www.europesays.com\/fr\/wp-json\/wp\/v2\/posts\/493224\/revisions"}],"wp:featuredmedia":[{"embeddable":true,"href":"https:\/\/www.europesays.com\/fr\/wp-json\/wp\/v2\/media\/493225"}],"wp:attachment":[{"href":"https:\/\/www.europesays.com\/fr\/wp-json\/wp\/v2\/media?parent=493224"}],"wp:term":[{"taxonomy":"category","embeddable":true,"href":"https:\/\/www.europesays.com\/fr\/wp-json\/wp\/v2\/categories?post=493224"},{"taxonomy":"post_tag","embeddable":true,"href":"https:\/\/www.europesays.com\/fr\/wp-json\/wp\/v2\/tags?post=493224"}],"curies":[{"name":"wp","href":"https:\/\/api.w.org\/{rel}","templated":true}]}}