{"id":493228,"date":"2025-10-27T13:35:18","date_gmt":"2025-10-27T13:35:18","guid":{"rendered":"https:\/\/www.europesays.com\/fr\/493228\/"},"modified":"2025-10-27T13:35:18","modified_gmt":"2025-10-27T13:35:18","slug":"lallemagne-appelle-a-un-cessez-le-feu-immediat-a-el-fasher","status":"publish","type":"post","link":"https:\/\/www.europesays.com\/fr\/493228\/","title":{"rendered":"l\u2019Allemagne appelle \u00e0 un cessez-le-feu imm\u00e9diat \u00e0 El-Fasher"},"content":{"rendered":"<p>AA \/ Berlin \/ Ayhan Simsek<\/p>\n<p>L\u2019Allemagne a appel\u00e9 lundi \u00e0 un cessez-le-feu imm\u00e9diat dans la ville assi\u00e9g\u00e9e d\u2019El-Fasher, dans l\u2019ouest du Soudan.<\/p>\n<p>Dans un message publi\u00e9 sur les r\u00e9seaux sociaux, le minist\u00e8re allemand des Affaires \u00e9trang\u00e8res a exprim\u00e9 sa vive pr\u00e9occupation face \u00e0 la situation, citant des rapports faisant \u00e9tat d\u2019un nombre important de civils tu\u00e9s alors que les Forces de soutien rapide (FSR) progressent dans la ville.<\/p>\n<p>\u00ab Nous rejoignons l\u2019appel du chef de l\u2019aide humanitaire des Nations Unies, Tom Fletcher, en faveur d\u2019un cessez-le-feu imm\u00e9diat, de la protection et d\u2019un passage s\u00fbr pour les civils, ainsi que d\u2019un acc\u00e8s humanitaire sans entrave \u00bb, a d\u00e9clar\u00e9 le minist\u00e8re, en r\u00e9f\u00e9rence \u00e0 un pr\u00e9c\u00e9dent message de Fletcher.<\/p>\n<p>\u00ab El-Fasher est \u00e0 un point de rupture. La population est pi\u00e9g\u00e9e et les combats progressent davantage dans la ville. Cessez-le-feu maintenant, \u00e0 El-Fasher, au Darfour et dans tout le Soudan \u00bb, a d\u00e9clar\u00e9 Fletcher dans un communiqu\u00e9 publi\u00e9 sur les r\u00e9seaux sociaux.<\/p>\n<p>Selon les Comit\u00e9s de r\u00e9sistance d\u2019El-Fasher, dirig\u00e9s par des civils, de violents affrontements ont \u00e9clat\u00e9 dimanche entre le groupe rebelle et l\u2019arm\u00e9e soudanaise dans la ville.<\/p>\n<p>El-Fasher est le th\u00e9\u00e2tre depuis plusieurs semaines d\u2019intenses combats entre l\u2019arm\u00e9e et les FSR, \u00e0 la suite d\u2019une offensive lanc\u00e9e sur plusieurs fronts par le groupe paramilitaire, qui encercle la ville depuis cinq directions pour tenter d\u2019en prendre le contr\u00f4le en raison de son importance strat\u00e9gique.<\/p>\n<p>Les FSR assi\u00e8gent El-Fasher depuis mai 2024, tandis que l\u2019arm\u00e9e soudanaise tente de lever le si\u00e8ge de cette ville, qui sert de centre des op\u00e9rations humanitaires pour les cinq \u00c9tats du Darfour.<\/p>\n<p>L\u2019arm\u00e9e et les FSR s\u2019affrontent dans une guerre civile depuis avril 2023, un conflit qui a fait des milliers de morts et d\u00e9plac\u00e9 des millions de personnes.<\/p>\n<p>* Traduit de l&rsquo;anglais par Seyma Erkul Dayanc<\/p>\n<p>                            &#13;<br \/>\n                                <a href=\"https:\/\/www.aa.com.tr\/fr\/p\/abonnement\/1001\" target=\"_blank\" style=\"font-size:12px; color:#444; text-decoration:none;\" rel=\"noopener\">&#13;<br \/>\n                                    Seulement une partie des d\u00e9p\u00eaches, que l&rsquo;Agence Anadolu diffuse \u00e0 ses abonn\u00e9s via le Syst\u00e8me de Diffusion interne (HAS), est diffus\u00e9e sur le site de l&rsquo;AA, de mani\u00e8re r\u00e9sum\u00e9e. <b style=\"color:#1897F7\">Contactez-nous s&rsquo;il vous pla\u00eet pour vous abonner.<\/b>&#13;<br \/>\n                                <\/a>&#13;<\/p>\n","protected":false},"excerpt":{"rendered":"AA \/ Berlin \/ Ayhan Simsek L\u2019Allemagne a appel\u00e9 lundi \u00e0 un cessez-le-feu imm\u00e9diat dans la ville assi\u00e9g\u00e9e&hellip;\n","protected":false},"author":2,"featured_media":493229,"comment_status":"","ping_status":"","sticky":false,"template":"","format":"standard","meta":{"footnotes":""},"categories":[1587],"tags":[11,672,1785,1804,1805,1803,61613,1777,674,1801,12,1802,4535],"class_list":{"0":"post-493228","1":"post","2":"type-post","3":"status-publish","4":"format-standard","5":"has-post-thumbnail","7":"category-allemagne","8":"tag-actualites","9":"tag-allemagne","10":"tag-anadolu-ajansi","11":"tag-bundesrepublik-deutschland","12":"tag-de","13":"tag-deutschland","14":"tag-el-fasher","15":"tag-eu","16":"tag-europe","17":"tag-germany","18":"tag-news","19":"tag-republique-federale-dallemagne","20":"tag-soudan"},"share_on_mastodon":{"url":"https:\/\/pubeurope.com\/@fr\/115446397365767564","error":""},"_links":{"self":[{"href":"https:\/\/www.europesays.com\/fr\/wp-json\/wp\/v2\/posts\/493228","targetHints":{"allow":["GET"]}}],"collection":[{"href":"https:\/\/www.europesays.com\/fr\/wp-json\/wp\/v2\/posts"}],"about":[{"href":"https:\/\/www.europesays.com\/fr\/wp-json\/wp\/v2\/types\/post"}],"author":[{"embeddable":true,"href":"https:\/\/www.europesays.com\/fr\/wp-json\/wp\/v2\/users\/2"}],"replies":[{"embeddable":true,"href":"https:\/\/www.europesays.com\/fr\/wp-json\/wp\/v2\/comments?post=493228"}],"version-history":[{"count":0,"href":"https:\/\/www.europesays.com\/fr\/wp-json\/wp\/v2\/posts\/493228\/revisions"}],"wp:featuredmedia":[{"embeddable":true,"href":"https:\/\/www.europesays.com\/fr\/wp-json\/wp\/v2\/media\/493229"}],"wp:attachment":[{"href":"https:\/\/www.europesays.com\/fr\/wp-json\/wp\/v2\/media?parent=493228"}],"wp:term":[{"taxonomy":"category","embeddable":true,"href":"https:\/\/www.europesays.com\/fr\/wp-json\/wp\/v2\/categories?post=493228"},{"taxonomy":"post_tag","embeddable":true,"href":"https:\/\/www.europesays.com\/fr\/wp-json\/wp\/v2\/tags?post=493228"}],"curies":[{"name":"wp","href":"https:\/\/api.w.org\/{rel}","templated":true}]}}