{"id":493236,"date":"2025-10-27T13:40:16","date_gmt":"2025-10-27T13:40:16","guid":{"rendered":"https:\/\/www.europesays.com\/fr\/493236\/"},"modified":"2025-10-27T13:40:16","modified_gmt":"2025-10-27T13:40:16","slug":"les-deputes-defiscalisent-les-pourboires-jusquen-2028","status":"publish","type":"post","link":"https:\/\/www.europesays.com\/fr\/493236\/","title":{"rendered":"Les d\u00e9put\u00e9s d\u00e9fiscalisent les pourboires jusqu\u2019en\u00a02028"},"content":{"rendered":"<p>La mesure devait s\u2019\u00e9teindre fin\u00a02025. Mais les <a href=\"https:\/\/www.20minutes.fr\/dossier\/depute\" class=\"c-link c-link--is-underlined\" rel=\"nofollow noopener\" target=\"_blank\">d\u00e9put\u00e9s <\/a>ont vot\u00e9 ce lundi pour d\u00e9fiscaliser les pourboires jusqu\u2019en\u00a02028, en prolongeant la mesure. Cet amendement de Laurent Wauquiez, chef des d\u00e9put\u00e9s Les <a href=\"https:\/\/www.20minutes.fr\/politique\/lr\/\" class=\"c-link c-link--is-underlined\" rel=\"nofollow noopener\" target=\"_blank\">R\u00e9publicains<\/a>, a \u00e9t\u00e9 soutenu tr\u00e8s largement \u00e0<a href=\"https:\/\/www.20minutes.fr\/dossier\/assemblee_nationale\" class=\"c-link c-link--is-underlined\" rel=\"nofollow noopener\" target=\"_blank\"> l\u2019Assembl\u00e9e nationale<\/a>, en ouverture d\u2019une longue semaine d\u00e9di\u00e9e au projet de <a href=\"https:\/\/www.20minutes.fr\/dossier\/loi\" class=\"c-link c-link--is-underlined\" rel=\"nofollow noopener\" target=\"_blank\">loi<\/a> de finances dans l\u2019h\u00e9micycle.<\/p>\n<p>Il propose de prolonger jusqu\u2019en\u00a02028 l\u2019exon\u00e9ration des charges sociales et fiscales sur les pourboires pay\u00e9s par carte bancaire, qui devait prendre fin le 31\u00a0d\u00e9cembre 2025 au grand dam de la profession. \u00ab\u00a0Cette mesure a satisfait tant les employeurs que les salari\u00e9s, en particulier dans le secteur de l\u2019h\u00f4tellerie et de la <a href=\"https:\/\/www.20minutes.fr\/dossier\/restauration\" class=\"c-link c-link--is-underlined\" rel=\"nofollow noopener\" target=\"_blank\">restauration<\/a>, o\u00f9 ces pourboires repr\u00e9sentent une part non n\u00e9gligeable de la r\u00e9mun\u00e9ration et contribuent \u00e0 l\u2019attractivit\u00e9 de ces m\u00e9tiers en tension\u00a0\u00bb, a soulign\u00e9 le d\u00e9put\u00e9 LR Vincent Desc\u0153ur. \u00ab\u00a0Soutien \u00e0 la France qui travaille\u00a0!\u00a0\u00bb s\u2019est exclam\u00e9 <a href=\"https:\/\/www.20minutes.fr\/dossier\/laurent_wauquiez\" class=\"c-link c-link--is-underlined\" rel=\"nofollow noopener\" target=\"_blank\">Laurent Wauquiez<\/a> sur X.<\/p>\n<\/p>\n<p>La gauche s\u2019est majoritairement abstenue<\/p>\n<p>Sa mesure a \u00e9t\u00e9 adopt\u00e9e \u00e0 142 voix contre 48, avec les voix du Rassemblement national et de la droite. La gauche s\u2019est majoritairement abstenue. Le pr\u00e9sident Insoumis de la commission des Finances <a href=\"https:\/\/www.20minutes.fr\/politique\/eric-coquerel\/\" class=\"c-link c-link--is-underlined\" rel=\"nofollow noopener\" target=\"_blank\">\u00c9ric Coquerel<\/a> a notamment craint \u00ab\u00a0un effet d\u00e9l\u00e9t\u00e8re sur les salaires\u00a0\u00bb. Le ministre de l\u2019\u00c9conomie, Roland Lescure, a formul\u00e9 la m\u00eame objection, m\u00eame s\u2019il a soutenu une prorogation plus courte, jusqu\u2019en\u00a02027.<\/p>\n<p>La mesure \u00ab\u00a0a deux impacts\u00a0: maintenir la pression \u00e0 la baisse sur les salaires et syst\u00e9matiser un peu le sourire\u00a0\u00bb, a-t-il alert\u00e9, estimant que ce d\u00e9bat ferait partie des sujets \u00e0 trancher lors de la pr\u00e9sidentielle de\u00a02027. Ce vote n\u2019est pas d\u00e9finitif\u00a0: les d\u00e9bats budg\u00e9taires doivent se poursuivre jusqu\u2019\u00e0 la mi-d\u00e9cembre au moins entre Assembl\u00e9e nationale et <a href=\"https:\/\/www.20minutes.fr\/dossier\/senat\" class=\"c-link c-link--is-underlined\" rel=\"nofollow noopener\" target=\"_blank\">S\u00e9nat<\/a> et les parlementaires auront l\u2019occasion d\u2019y revenir s\u2019ils le souhaitent.<\/p>\n","protected":false},"excerpt":{"rendered":"La mesure devait s\u2019\u00e9teindre fin\u00a02025. Mais les d\u00e9put\u00e9s ont vot\u00e9 ce lundi pour d\u00e9fiscaliser les pourboires jusqu\u2019en\u00a02028, en&hellip;\n","protected":false},"author":2,"featured_media":493237,"comment_status":"","ping_status":"","sticky":false,"template":"","format":"standard","meta":{"footnotes":""},"categories":[2],"tags":[47,11,416,1003,33,1011,27,12,25,1340,2021],"class_list":{"0":"post-493236","1":"post","2":"type-post","3":"status-publish","4":"format-standard","5":"has-post-thumbnail","7":"category-actualites","8":"tag-actualite","9":"tag-actualites","10":"tag-assemblee-nationale","11":"tag-budget","12":"tag-economie","13":"tag-fr","14":"tag-france","15":"tag-news","16":"tag-republique-francaise","17":"tag-restaurant","18":"tag-restauration"},"share_on_mastodon":{"url":"https:\/\/pubeurope.com\/@fr\/115446416956833831","error":""},"_links":{"self":[{"href":"https:\/\/www.europesays.com\/fr\/wp-json\/wp\/v2\/posts\/493236","targetHints":{"allow":["GET"]}}],"collection":[{"href":"https:\/\/www.europesays.com\/fr\/wp-json\/wp\/v2\/posts"}],"about":[{"href":"https:\/\/www.europesays.com\/fr\/wp-json\/wp\/v2\/types\/post"}],"author":[{"embeddable":true,"href":"https:\/\/www.europesays.com\/fr\/wp-json\/wp\/v2\/users\/2"}],"replies":[{"embeddable":true,"href":"https:\/\/www.europesays.com\/fr\/wp-json\/wp\/v2\/comments?post=493236"}],"version-history":[{"count":0,"href":"https:\/\/www.europesays.com\/fr\/wp-json\/wp\/v2\/posts\/493236\/revisions"}],"wp:featuredmedia":[{"embeddable":true,"href":"https:\/\/www.europesays.com\/fr\/wp-json\/wp\/v2\/media\/493237"}],"wp:attachment":[{"href":"https:\/\/www.europesays.com\/fr\/wp-json\/wp\/v2\/media?parent=493236"}],"wp:term":[{"taxonomy":"category","embeddable":true,"href":"https:\/\/www.europesays.com\/fr\/wp-json\/wp\/v2\/categories?post=493236"},{"taxonomy":"post_tag","embeddable":true,"href":"https:\/\/www.europesays.com\/fr\/wp-json\/wp\/v2\/tags?post=493236"}],"curies":[{"name":"wp","href":"https:\/\/api.w.org\/{rel}","templated":true}]}}