{"id":49324,"date":"2025-04-24T14:03:12","date_gmt":"2025-04-24T14:03:12","guid":{"rendered":"https:\/\/www.europesays.com\/fr\/49324\/"},"modified":"2025-04-24T14:03:12","modified_gmt":"2025-04-24T14:03:12","slug":"mes-pants-de-queer-fugues","status":"publish","type":"post","link":"https:\/\/www.europesays.com\/fr\/49324\/","title":{"rendered":"Mes pants de queer &#8211; Fugues"},"content":{"rendered":"<p><strong>C\u2019est afin de r\u00e9pondre \u00e0 une certaine carence en mati\u00e8re d\u2019espace litt\u00e9raire LGBTQ+ \u00e0 Montr\u00e9al que les artistes Antoine Vogler et Dustin Ariel Segura-Suarez ont fond\u00e9 ensemble Mes pants de queer, une librairie qui, bien qu\u2019existante depuis maintenant quatre ans, a un local depuis seulement quelques mois, en plus d\u2019\u00eatre responsable du magazine LBRTH depuis peu. Alors que Mes pants de queer gagne en popularit\u00e9, ses deux fondateurs, aussi amoureux, ne manquent pas d\u2019id\u00e9es et d\u2019ambitions pour \u00e9lever le projet.<\/strong><br \/>\u00a0<br \/><strong>Comment d\u00e9cririez-vous votre projet, Mes pants de queer\u2009?<br \/><\/strong>Antoine Vogler\u00a0: Mes pants de queer, c\u2019est une librairie par, pour et \u00e0 propos des communaut\u00e9s LGBTQ2SAI+. On vend de la litt\u00e9rature autopubli\u00e9e et des livres usag\u00e9s. Tout est \u00e0 9\u00a0$ pour garder \u00e7a le plus accessible et pouvoir transmettre les savoirs qui sont dans ces livres-l\u00e0. On r\u00e9cup\u00e8re les dons de livres usag\u00e9s. Si des lecteurs du Fugues ont des livres \u00e0 donner, ils peuvent nous contacter\u2009!<\/p>\n<p>Dustin Ariel Segura-Suarez\u00a0: La vocation, \u00e7a a toujours \u00e9t\u00e9 de rendre la litt\u00e9rature accessible, \u00e9tant donn\u00e9 que c\u2019est tellement cher, les romans. On voulait proposer une s\u00e9lection qui soit de notre communaut\u00e9 et abordable, pour que tout le monde puisse en profiter. On a toujours aussi eu une vocation communautaire, de rassembler la communaut\u00e9. D\u2019avoir un local, \u00e7a nous a permis d\u2019avoir des soir\u00e9es de projection et des soir\u00e9es de lancement. Aussi, on encourage le plus possible l\u2019\u00e9mergence de multiples libraires. Plus il y en a, mieux on se porte\u2009!<\/p>\n<p><strong>Comment vous est venue l\u2019id\u00e9e de lancer cette librairie\u2009?<br \/><\/strong>Antoine Vogler\u00a0: On a commenc\u00e9 en voyageant beaucoup. On visitait tout le temps les librairies LGBTQ partout o\u00f9 on allait et on s\u2019est rendu compte qu\u2019il n\u2019y en avait plus vraiment \u00e0 Montr\u00e9al qui avait pignon sur rue. Il y en a d\u00e9j\u00e0 eu plusieurs. L\u2019Androgyne, c\u2019\u00e9tait pas mal la plus populaire, mais il y avait aussi Le M\u00e9nage \u00e0 trois, qui \u00e9tait sur Sainte-Catherine, qui est rendu au March\u00e9 Saint-Michel. On voulait c\u00e9l\u00e9brer la litt\u00e9rature LGBTQ, parce qu\u2019on se rendait compte aussi en voyageant que beaucoup \u00e9tait localis\u00e9. Quand on allait \u00e0 New York, \u00e0 Madrid, \u00e0 Nice, tu te rends compte qu\u2019il y a des auteurs de ces endroits-l\u00e0 qui \u00e9crivent, mais qu\u2019\u00e0 Montr\u00e9al il n\u2019y avait pas cette plateforme-l\u00e0 qui permettait de partager les litt\u00e9ratures.<\/p>\n<p>On a commenc\u00e9 par vendre des livres usag\u00e9s, parce qu\u2019on se rendait compte qu\u2019il y en avait plein dans les thrift stores. On a b\u00e2ti une culture de la litt\u00e9rature queer de m\u00eame. On s\u2019est dit\u00a0: \u00ab\u2009On va vendre \u00e7a le prix [de la] pinte\u2009\u00bb. On a commenc\u00e9, \u00e7a co\u00fbtait 7\u00a0$. Maintenant on est rendu \u00e0 9\u00a0$. Vu que \u00e7a co\u00fbtait cher [d\u2019]avoir un local, on vendait \u00e7a en ligne et on faisait la livraison. Apr\u00e8s trois ans et demi, on avait beaucoup de livres chez nous. Moi, je suis photographe et on a un studio. On s\u2019est dit\u00a0: \u00ab\u2009On va mettre une libraire ici.\u2009\u00bb De fil en aiguille, les gens ont commenc\u00e9 \u00e0 conna\u00eetre le projet et \u00e0 nous donner des livres.<\/p>\n<p><strong>Quelles sont vos ambitions pour cette libraire\u2009? Jusqu\u2019o\u00f9 voudriez-vous qu\u2019elle se rende\u2009?<br \/><\/strong>Antoine Vogler\u00a0: Je pense que d\u2019avoir un emploi \u00e0 un moment donn\u00e9 \u00e7a serait l\u2019fun. Mais,<br \/>on va pas se mentir, tu fais pas d\u2019argent avec des livres.<\/p>\n<p>Dustin Ariel Segura-Suarez\u00a0: Moi, je me dis quand m\u00eame que si on continue de la m\u00eame mani\u00e8re qu\u2019on le fait, lentement, \u00e0 notre rythme, en pla\u00e7ant bien les choses \u00e0 leur place avant de se lancer dans quoi que ce soit\u2026 Id\u00e9alement, \u00e7a serait de rendre \u00e7a assez grand pour que \u00e7a nous emm\u00e8ne \u00e0 un revenu assez int\u00e9ressant pour pouvoir en vivre.<\/p>\n<p>Antoine Vogler\u00a0: Ce qu\u2019on voit next, \u00e7a serait de commencer \u00e0 publier des recueils, d\u2019avoir une petite maison d\u2019\u00e9dition qui serait associ\u00e9e \u00e0 la librairie. Le deuxi\u00e8me objectif, \u00e7a serait aussi d\u2019avoir un pan artistique, genre une galerie d\u2019art, pour faire des \u00e9v\u00e9nements, des vernissages, des petites expos. En fait, c\u2019est vraiment de juste avoir un espace que les gens vont utiliser et s\u2019approprier.<\/p>\n<p><strong>Avez-vous des suggestions litt\u00e9raires LGBTQ+ pour nos lecteurs et lectrices\u2009?<br \/><\/strong>Dustin Ariel Segura-Suarez\u00a0: C\u2019est mon c\u0153ur de Chilien qui va parler, mais je dirais Pedro Lemebel, qui n\u2019est malheureusement pas un auteur qui a \u00e9t\u00e9 traduit encore beaucoup. Il y a juste une seule de ses \u0153uvres qui a \u00e9t\u00e9 traduite en fran\u00e7ais\u00a0: Je tremble, \u00f4 Matador. C\u2019est un artiste qui faisait aussi de la performance, qui a \u00e9t\u00e9 super important pour la culture queer dans les ann\u00e9es\u00a080, en pleine dictature au Chili. Il s\u2019est toujours donn\u00e9 le droit d\u2019exister de la mani\u00e8re qu\u2019il voulait exister.<\/p>\n<p>Il avait un collectif aussi, dans lequel il faisait des performances pour critiquer la position du gouvernement par rapport aux personnes issues de la communaut\u00e9 LGBTQ+, mais aussi par rapport au traitement du SIDA. Il y avait peu d\u2019intervention du gouvernement. Sa litt\u00e9rature est tr\u00e8s riche. Il vient du Chili populaire, donc il ne se place pas au-dessus des autres et a cette mani\u00e8re-l\u00e0 de refl\u00e9ter le v\u00e9cu du peuple qui l\u2019a entour\u00e9 dans son quartier. Il raconte avec une sensibilit\u00e9 directe mais tr\u00e8s belle. La mani\u00e8re [dont il] manie les mots, je trouve \u00e7a particuli\u00e8rement inspirant. <\/p>\n<p><strong>INFOS | MES PANTS DE QUEER<br \/>2025 rue Parthenais, suite 241<br \/><a href=\"https:\/\/www.mespantsdequeer.com\" target=\"_blank\" rel=\"noreferrer noopener nofollow\">https:\/\/www.mespantsdequeer.com<\/a><\/strong><\/p>\n","protected":false},"excerpt":{"rendered":"C\u2019est afin de r\u00e9pondre \u00e0 une certaine carence en mati\u00e8re d\u2019espace litt\u00e9raire LGBTQ+ \u00e0 Montr\u00e9al que les artistes&hellip;\n","protected":false},"author":2,"featured_media":49325,"comment_status":"","ping_status":"","sticky":false,"template":"","format":"standard","meta":{"footnotes":""},"categories":[1357],"tags":[1379,58,59,1011,27,1351,1380],"class_list":{"0":"post-49324","1":"post","2":"type-post","3":"status-publish","4":"format-standard","5":"has-post-thumbnail","7":"category-livres","8":"tag-books","9":"tag-divertissement","10":"tag-entertainment","11":"tag-fr","12":"tag-france","13":"tag-litterature","14":"tag-livres"},"share_on_mastodon":{"url":"https:\/\/pubeurope.com\/@fr\/114393317627927635","error":""},"_links":{"self":[{"href":"https:\/\/www.europesays.com\/fr\/wp-json\/wp\/v2\/posts\/49324","targetHints":{"allow":["GET"]}}],"collection":[{"href":"https:\/\/www.europesays.com\/fr\/wp-json\/wp\/v2\/posts"}],"about":[{"href":"https:\/\/www.europesays.com\/fr\/wp-json\/wp\/v2\/types\/post"}],"author":[{"embeddable":true,"href":"https:\/\/www.europesays.com\/fr\/wp-json\/wp\/v2\/users\/2"}],"replies":[{"embeddable":true,"href":"https:\/\/www.europesays.com\/fr\/wp-json\/wp\/v2\/comments?post=49324"}],"version-history":[{"count":0,"href":"https:\/\/www.europesays.com\/fr\/wp-json\/wp\/v2\/posts\/49324\/revisions"}],"wp:featuredmedia":[{"embeddable":true,"href":"https:\/\/www.europesays.com\/fr\/wp-json\/wp\/v2\/media\/49325"}],"wp:attachment":[{"href":"https:\/\/www.europesays.com\/fr\/wp-json\/wp\/v2\/media?parent=49324"}],"wp:term":[{"taxonomy":"category","embeddable":true,"href":"https:\/\/www.europesays.com\/fr\/wp-json\/wp\/v2\/categories?post=49324"},{"taxonomy":"post_tag","embeddable":true,"href":"https:\/\/www.europesays.com\/fr\/wp-json\/wp\/v2\/tags?post=49324"}],"curies":[{"name":"wp","href":"https:\/\/api.w.org\/{rel}","templated":true}]}}