{"id":493240,"date":"2025-10-27T13:44:11","date_gmt":"2025-10-27T13:44:11","guid":{"rendered":"https:\/\/www.europesays.com\/fr\/493240\/"},"modified":"2025-10-27T13:44:11","modified_gmt":"2025-10-27T13:44:11","slug":"le-proces-pour-lassassinat-de-federico-martin-aramburu-se-tiendra-en-septembre-2026","status":"publish","type":"post","link":"https:\/\/www.europesays.com\/fr\/493240\/","title":{"rendered":"le proc\u00e8s pour l\u2019assassinat de Federico Mart\u00edn-Arambur\u00fa se tiendra en septembre 2026"},"content":{"rendered":"<p>\n    Le proc\u00e8s pour la mort de l\u2019ancien rugbyman, assassin\u00e9 le 19 mars 2022 \u00e0 Paris, aura lieu en septembre 2026.<\/p>\n<p class=\"fig-paragraph\">Une bien triste histoire. Assassin\u00e9 le 19 mars 2022 dans les rues de Paris,\u00a0<a href=\"http:\/\/www.lefigaro.fr\/sports\/rugby\/rugby-tu-nous-manques-tous-les-jours-les-hommages-a-la-memoire-de-federico-martin-aramburu-assassine-il-y-a-trois-ans-20250319\" target=\"_blank\" data-fig-type=\"NewsFlash\" rel=\"noopener\" data-gtm-custom-categorie=\"navigation\" data-gtm-custom-action=\"crossclick\" data-gtm-custom-label=\"Contextuel\" data-gtm-event=\"customEventSPE\" data-fig-domain=\"LEFIGARO\">Federico Mart\u00edn-Arambur\u00fa<\/a>\u00a0avait perdu la vie apr\u00e8s une altercation au bar Le Mabillon de Saint-Germain-des-Pr\u00e9s, dans le 6e arrondissement \u00e0 Paris, devant son h\u00f4tel. Les deux personnes suspect\u00e9es, Lo\u00efk Le Priol et Romain Bouvier, compara\u00eetront devant la cour d\u2019assises de Paris en septembre 2026, du 7 au 28 selon les informations d\u2019<a href=\"https:\/\/www.francebleu.fr\/infos\/faits-divers-justice\/mort-de-federico-martin-aramburu-le-proces-aura-lieu-en-septembre-2026-2821595\" target=\"_blank\" rel=\"sponsored noopener\" data-gtm-custom-categorie=\"navigation\" data-gtm-custom-action=\"crossclick\" data-gtm-custom-label=\"Contextuel\" data-gtm-event=\"customEventSPE\">ICI Pays basque<\/a> .<\/p>\n<p class=\"fig-paragraph\">Les deux militants d\u2019extr\u00eame droite sont suspect\u00e9s d\u2019avoir tu\u00e9 par balle l\u2019Argentin, d\u00e9c\u00e9d\u00e9 \u00e0 l\u2019\u00e2ge de 42 ans. Lo\u00efk Le Priol compara\u00eetra pour assassinat et Romain Bouvier pour tentative d\u2019assassinat. Deux autres complices seront \u00e9galement jug\u00e9s. La compagne de Lo\u00efk Le Priol, Lyson Rochemir, qui \u00e9tait pr\u00e9sente lors des faits, et Antony Sorrentino pour recel de malfaiteur et soustraction d\u2019objet de preuve.<\/p>\n","protected":false},"excerpt":{"rendered":"Le proc\u00e8s pour la mort de l\u2019ancien rugbyman, assassin\u00e9 le 19 mars 2022 \u00e0 Paris, aura lieu en&hellip;\n","protected":false},"author":2,"featured_media":493241,"comment_status":"","ping_status":"","sticky":false,"template":"","format":"standard","meta":{"footnotes":""},"categories":[1416],"tags":[35332,1011,27,479,1468,60],"class_list":{"0":"post-493240","1":"post","2":"type-post","3":"status-publish","4":"format-standard","5":"has-post-thumbnail","7":"category-rugby","8":"tag-federico-martin-aramburu","9":"tag-fr","10":"tag-france","11":"tag-rugby","12":"tag-rugby-football","13":"tag-sports"},"share_on_mastodon":{"url":"https:\/\/pubeurope.com\/@fr\/115446432700190562","error":""},"_links":{"self":[{"href":"https:\/\/www.europesays.com\/fr\/wp-json\/wp\/v2\/posts\/493240","targetHints":{"allow":["GET"]}}],"collection":[{"href":"https:\/\/www.europesays.com\/fr\/wp-json\/wp\/v2\/posts"}],"about":[{"href":"https:\/\/www.europesays.com\/fr\/wp-json\/wp\/v2\/types\/post"}],"author":[{"embeddable":true,"href":"https:\/\/www.europesays.com\/fr\/wp-json\/wp\/v2\/users\/2"}],"replies":[{"embeddable":true,"href":"https:\/\/www.europesays.com\/fr\/wp-json\/wp\/v2\/comments?post=493240"}],"version-history":[{"count":0,"href":"https:\/\/www.europesays.com\/fr\/wp-json\/wp\/v2\/posts\/493240\/revisions"}],"wp:featuredmedia":[{"embeddable":true,"href":"https:\/\/www.europesays.com\/fr\/wp-json\/wp\/v2\/media\/493241"}],"wp:attachment":[{"href":"https:\/\/www.europesays.com\/fr\/wp-json\/wp\/v2\/media?parent=493240"}],"wp:term":[{"taxonomy":"category","embeddable":true,"href":"https:\/\/www.europesays.com\/fr\/wp-json\/wp\/v2\/categories?post=493240"},{"taxonomy":"post_tag","embeddable":true,"href":"https:\/\/www.europesays.com\/fr\/wp-json\/wp\/v2\/tags?post=493240"}],"curies":[{"name":"wp","href":"https:\/\/api.w.org\/{rel}","templated":true}]}}