{"id":493247,"date":"2025-10-27T13:51:13","date_gmt":"2025-10-27T13:51:13","guid":{"rendered":"https:\/\/www.europesays.com\/fr\/493247\/"},"modified":"2025-10-27T13:51:13","modified_gmt":"2025-10-27T13:51:13","slug":"veronique-sanson-a-bout-de-souffle-a-76-ans-lex-de-pierre-palmade-a-envie-de-ne-pas-se-reveiller","status":"publish","type":"post","link":"https:\/\/www.europesays.com\/fr\/493247\/","title":{"rendered":"V\u00e9ronique Sanson \u00e0 bout de souffle ? A 76 ans, l\u2019ex de Pierre Palmade a \u00ab\u00a0envie de ne pas se r\u00e9veiller\u00a0\u00bb"},"content":{"rendered":"<p>C\u2019est une confidence bouleversante qu\u2019a livr\u00e9e V\u00e9ronique Sanson<br \/>\nau micro de RTL ce samedi 25 octobre. Invit\u00e9e de<br \/>\nl\u2019\u00e9mission anim\u00e9e par Augustin Trapenard, <strong>la chanteuse<br \/>\ns\u2019est pr\u00eat\u00e9e au jeu des questions-r\u00e9ponses rapides<\/strong>. Elle y<br \/>\n\u00e9voque tour \u00e0 tour son animal totem, ses d\u00e9fauts ou son manque de<br \/>\nconfiance en elle. Mais c\u2019est une question plus intime, celle de la<br \/>\nmort, qui a donn\u00e9 lieu au moment le plus marquant de<br \/>\nl\u2019entretien.<\/p>\n<p>\u00c0 76 ans, <a href=\"https:\/\/www.mariefrance.fr\/news-people\/veronique-sanson-evoque-pour-la-premiere-fois-le-tragique-accident-de-la-route-provoque-par-pierre-palmade-son-ex-mari-cest-epouvantable-ce-quil-a-fait-1207928.html\" target=\"_blank\" rel=\"noopener nofollow\">l\u2019ex-compagne de Pierre Palmade<\/a><br \/>\ns\u2019est exprim\u00e9e avec <strong>une sinc\u00e9rit\u00e9 d\u00e9sarmante sur la mani\u00e8re<br \/>\ndont elle souhaiterait partir<\/strong>. Des propos rapport\u00e9s par le<br \/>\nmagazine <a href=\"https:\/\/www.gala.fr\/l_actu\/news_de_stars\/veronique-sanson-evoque-la-mort-sans-tabou-j-ai-envie-de-ne-pas-me-reveiller-20251025\" target=\"_blank\" rel=\"nofollow noopener\">Gala<\/a>,<br \/>\nempreints de lucidit\u00e9 et d\u2019une certaine paix int\u00e9rieure.<\/p>\n<p>V\u00e9ronique Sanson : \u00ab\u00a0J\u2019ai envie de ne pas me r\u00e9veiller\u00a0\u00bb<\/p>\n<p>Quand Augustin Trapenard lui a demand\u00e9 comment elle aimerait<br \/>\nmourir, <a href=\"https:\/\/www.mariefrance.fr\/news-people\/veronique-sanson-evoque-sa-rupture-avec-michel-berger-quelle-considere-comme-le-plus-grand-regret-de-sa-vie-1208066.html\" target=\"_blank\" rel=\"noopener nofollow\">V\u00e9ronique Sanson<\/a> n\u2019a pas h\u00e9sit\u00e9<br \/>\nune seconde. \u00ab En dormant \u00bb, a-t-elle r\u00e9pondu simplement.<br \/>\nAvant d\u2019ajouter, d\u2019une voix calme : \u00ab J\u2019ai envie de ne pas me<br \/>\nr\u00e9veiller. \u00bb <strong>Une courte phrase, mais lourde de<br \/>\nsens<\/strong>, qui refl\u00e8te \u00e0 la fois la sagesse et la fatigue d\u2019une<br \/>\nartiste ayant tout donn\u00e9 \u00e0 son public. Sans chercher \u00e0 choquer, la<br \/>\nchanteuse a exprim\u00e9 un souhait partag\u00e9 par beaucoup. Celui de<br \/>\ns\u2019endormir paisiblement, sans souffrance, apr\u00e8s une vie bien<br \/>\nremplie.<\/p>\n<p>Cette franchise n\u2019a rien d\u2019\u00e9tonnant chez V\u00e9ronique Sanson. En<br \/>\neffet, la chanteuse est bien connue pour sa spontan\u00e9it\u00e9 et son<br \/>\nrapport direct aux choses. Et, depuis plusieurs ann\u00e9es,<br \/>\n<strong>elle n\u2019a jamais fait de la mort un sujet tabou.<\/strong> En<br \/>\njuin 2024 d\u00e9j\u00e0, sur le plateau de C \u00e0 Vous, elle confiait<br \/>\nen souriant : \u00ab Moi, j\u2019aurais d\u00fb mourir mille fois, vous savez.<br \/>\n\u00bb Une mani\u00e8re de rappeler les exc\u00e8s, les douleurs et les<br \/>\n\u00e9preuves qui ont marqu\u00e9 sa vie. Mais aussi sa formidable capacit\u00e9 \u00e0<br \/>\nrena\u00eetre, encore et encore.<\/p>\n<p><img loading=\"lazy\" decoding=\"async\" aria-describedby=\"caption-attachment-1097004\" itemprop=\"thumbnailUrl\" class=\"size-full wp-image-1097004 img-responsive\" src=\"https:\/\/www.europesays.com\/fr\/wp-content\/uploads\/2025\/10\/mf-1-9.jpg\" alt=\"V\u00e9ronique Sanson\" width=\"1280\" height=\"720\"\/><br \/>\n\u00a9<br \/>\nshutterstock<\/p>\n<p id=\"caption-attachment-1097004\" class=\"wp-caption-text\">\nV\u00e9ronique Sanson avoue avoir envie de mourir en dormant.<\/p>\n<p>V\u00e9ronique Sanson a tout affront\u00e9, sans jamais renoncer<\/p>\n<p>\u00c0 76 ans, <a href=\"https:\/\/www.mariefrance.fr\/news-people\/veronique-sanson-hospitalisee-la-chanteuse-victime-dune-maladie-et-contrainte-dannuler-un-concert-1021587.html\" target=\"_blank\" rel=\"noopener nofollow\">V\u00e9ronique Sanson poursuit sa<br \/>\nroute<\/a>, toujours debout malgr\u00e9 les ann\u00e9es et les soucis de<br \/>\nsant\u00e9. Invit\u00e9e dans Sept \u00e0 huit sur TF1 le 28<br \/>\nseptembre dernier, elle avait \u00e9voqu\u00e9 avec son humour habituel son<br \/>\nrapport au temps qui passe. \u00ab J\u2019ai mal partout \u00bb,<br \/>\navait-elle reconnu avant d\u2019expliquer : \u00ab J\u2019ai de l\u2019arthrose<br \/>\ndans les mains, de l\u2019arthrite, et \u00e7a me fait mal quand je joue du<br \/>\npiano. Ce n\u2019est pas fait pour s\u2019arranger. \u00bb. Des douleurs<br \/>\nqu\u2019elle affronte sans se plaindre, port\u00e9e par sa passion pour la<br \/>\nsc\u00e8ne.<\/p>\n<p>Son amour du public est rest\u00e9 intact, comme elle le confiait<br \/>\nr\u00e9cemment : \u00ab Je ne peux pas m\u2019arr\u00eater, c\u2019est ma vie. \u00bb Et<br \/>\nmalgr\u00e9 la fatigue, <strong>V\u00e9ronique Sanson continue de chanter<br \/>\navec la m\u00eame intensit\u00e9<\/strong>. Elle multiplie les concerts dans<br \/>\nle cadre de sa tourn\u00e9e J\u2019ai eu envie de vous revoir,<br \/>\nsucc\u00e9dant \u00e0 Hasta Luego. \u00ab Ce n\u2019\u00e9tait pas une tourn\u00e9e<br \/>\nd\u2019adieu \u00bb, avait-elle tenu \u00e0 pr\u00e9ciser. Une fa\u00e7on de dire que,<br \/>\ntant qu\u2019elle pourra, elle restera fid\u00e8le \u00e0 ce lien unique qui<br \/>\nl\u2019unit \u00e0 son public.<\/p>\n<p><img loading=\"lazy\" decoding=\"async\" aria-describedby=\"caption-attachment-1097050\" class=\"size-full wp-image-1097050 img-responsive\" src=\"https:\/\/www.europesays.com\/fr\/wp-content\/uploads\/2025\/10\/mf-14.jpg\" alt=\"&lt;p&gt;V\u00e9ronique Sanson&lt;\/p&gt;\" width=\"1280\" height=\"720\"\/> \u00a9 Shutterstock<\/p>\n<p id=\"caption-attachment-1097050\" class=\"wp-caption-text\">\nV\u00e9ronique Sanson avoue avoir mal partout, m\u00eame lorsqu&rsquo;elle joue du<br \/>\npiano.<\/p>\n<p>V\u00e9ronique Sanson, entre douleurs,<br \/>\ngratitude et s\u00e9r\u00e9nit\u00e9<\/p>\n<p>La chanteuse le reconna\u00eet elle-m\u00eame : son parcours n\u2019a pas<br \/>\ntoujours \u00e9t\u00e9 simple. L\u2019alcool, les exc\u00e8s, les drames personnels<br \/>\nauraient pu la faire sombrer plus d\u2019une fois. Et pourtant,<br \/>\n<strong>V\u00e9ronique Sanson est toujours l\u00e0, habit\u00e9e par une \u00e9nergie<br \/>\npresque mystique<\/strong>. Dans ses interviews, elle r\u00e9p\u00e8te souvent<br \/>\nqu\u2019elle fait partie des \u00ab gens qui sont plus g\u00e2t\u00e9s par la<br \/>\nnature que d\u2019autres \u00bb. Une fa\u00e7on de dire merci \u00e0 la vie, m\u00eame<br \/>\nlorsqu\u2019elle lui rappelle ses limites.<\/p>\n<blockquote class=\"twitter-tweet\"><p><a class=\"twitter-link\" rel=\"noindex, nofollow noopener\" href=\"https:\/\/twitter.com\/mariefrancemag\/status\/1822849544557621667\" target=\"_blank\"><\/p><\/blockquote>\n<p>Si ses mots sur la mort peuvent \u00e9mouvoir, ils traduisent surtout<br \/>\nune grande paix d\u2019esprit. Pour celle qui a tout connu, l\u2019amour, la<br \/>\ngloire, la souffrance et la renaissance, la perspective de<br \/>\ns\u2019endormir pour ne plus se r\u00e9veiller n\u2019a rien de tragique. C\u2019est<br \/>\nsimplement <strong>la conclusion apais\u00e9e d\u2019un long voyage<br \/>\nartistique et humain.<\/strong> Et tant qu\u2019elle aura la force de<br \/>\nmonter sur sc\u00e8ne, V\u00e9ronique Sanson choisira la vie, la musique et<br \/>\nle partage. Le reste, dit-elle, \u00ab viendra quand il faudra<br \/>\n\u00bb.<\/p>\n<p><script async src=\"https:\/\/platform.twitter.com\/widgets.js\" charset=\"utf-8\"><\/script><\/p>\n","protected":false},"excerpt":{"rendered":"C\u2019est une confidence bouleversante qu\u2019a livr\u00e9e V\u00e9ronique Sanson au micro de RTL ce samedi 25 octobre. Invit\u00e9e de&hellip;\n","protected":false},"author":2,"featured_media":493248,"comment_status":"","ping_status":"","sticky":false,"template":"","format":"standard","meta":{"footnotes":""},"categories":[1359],"tags":[21303,58,59,1011,27,973],"class_list":{"0":"post-493247","1":"post","2":"type-post","3":"status-publish","4":"format-standard","5":"has-post-thumbnail","7":"category-people","8":"tag-buzz_nonli","9":"tag-divertissement","10":"tag-entertainment","11":"tag-fr","12":"tag-france","13":"tag-people"},"share_on_mastodon":{"url":"https:\/\/pubeurope.com\/@fr\/115446460905106285","error":""},"_links":{"self":[{"href":"https:\/\/www.europesays.com\/fr\/wp-json\/wp\/v2\/posts\/493247","targetHints":{"allow":["GET"]}}],"collection":[{"href":"https:\/\/www.europesays.com\/fr\/wp-json\/wp\/v2\/posts"}],"about":[{"href":"https:\/\/www.europesays.com\/fr\/wp-json\/wp\/v2\/types\/post"}],"author":[{"embeddable":true,"href":"https:\/\/www.europesays.com\/fr\/wp-json\/wp\/v2\/users\/2"}],"replies":[{"embeddable":true,"href":"https:\/\/www.europesays.com\/fr\/wp-json\/wp\/v2\/comments?post=493247"}],"version-history":[{"count":0,"href":"https:\/\/www.europesays.com\/fr\/wp-json\/wp\/v2\/posts\/493247\/revisions"}],"wp:featuredmedia":[{"embeddable":true,"href":"https:\/\/www.europesays.com\/fr\/wp-json\/wp\/v2\/media\/493248"}],"wp:attachment":[{"href":"https:\/\/www.europesays.com\/fr\/wp-json\/wp\/v2\/media?parent=493247"}],"wp:term":[{"taxonomy":"category","embeddable":true,"href":"https:\/\/www.europesays.com\/fr\/wp-json\/wp\/v2\/categories?post=493247"},{"taxonomy":"post_tag","embeddable":true,"href":"https:\/\/www.europesays.com\/fr\/wp-json\/wp\/v2\/tags?post=493247"}],"curies":[{"name":"wp","href":"https:\/\/api.w.org\/{rel}","templated":true}]}}