{"id":493249,"date":"2025-10-27T13:52:15","date_gmt":"2025-10-27T13:52:15","guid":{"rendered":"https:\/\/www.europesays.com\/fr\/493249\/"},"modified":"2025-10-27T13:52:15","modified_gmt":"2025-10-27T13:52:15","slug":"cette-photo-de-la-comete-lemmon-defie-limagination","status":"publish","type":"post","link":"https:\/\/www.europesays.com\/fr\/493249\/","title":{"rendered":"Cette photo de la com\u00e8te Lemmon d\u00e9fie l\u2019imagination"},"content":{"rendered":"<p>Un astrophotographe a partag\u00e9 un clich\u00e9 monumental de la com\u00e8te C\/2025 A6 (Lemmon). Il est parvenu \u00e0 capturer les reflets color\u00e9s de son immense queue, un d\u00e9fi en raison de ses mouvements rapides.<\/p>\n<p><a href=\"https:\/\/www.numerama.com\/sciences\/2100601-les-photos-les-plus-spectaculaires-des-cometes-lemmon-et-swan-un-ballet-astronomique-majestueux.html\" rel=\"nofollow noopener\" target=\"_blank\">Les com\u00e8tes Lemmon et Swan font le spectacle<\/a> en ce mois d\u2019octobre 2025. Fait remarquable, <a href=\"https:\/\/www.numerama.com\/sciences\/2097737-comment-voir-en-direct-le-double-passage-des-cometes-lemmon-et-swan-pres-de-la-terre.html\" rel=\"nofollow noopener\" target=\"_blank\">ces deux com\u00e8tes ont fait leur passage le plus rapproch\u00e9 de la Terre<\/a> quasiment en m\u00eame temps, au d\u00e9but de la semaine du 20 octobre. De quoi ravir les astronomes professionnels et amateurs. <a href=\"https:\/\/www.numerama.com\/sciences\/746052-quest-ce-quune-comete.html\" data-popover-target=\"definition\" data-tag=\"Qu\u2019est-ce qu\u2019une com\u00e8te\u00a0?\" data-chapo=\"Les com\u00e8tes sont des vestiges du syst\u00e8me solaire. Ces petits corps ont une \u00ab chevelure \u00bb impressionnante. Une com\u00e8te se compose de restes glac\u00e9s, qui peuvent procurer un sublime spectacle astronomique, parfois visible \u00e0 l&#039;\u0153il nu.\" data-image=\"https:\/\/c0.lestechnophiles.com\/www.numerama.com\/wp-content\/uploads\/2023\/09\/c2023-a3-tsuchinshan-atlas-2-1024x576.jpg?key=2cbeda6e\" rel=\"nofollow noopener\" target=\"_blank\">La com\u00e8te<\/a> Lemmon, dont l\u2019\u00e9clat est un peu plus prononc\u00e9 que celui de son homologue, attire particuli\u00e8rement l\u2019attention. Officiellement <a href=\"https:\/\/www.numerama.com\/sciences\/747385-comment-sont-nommees-les-cometes.html\" rel=\"nofollow noopener\" target=\"_blank\">nomm\u00e9e C\/2025 A6 (Lemmon)<\/a>, elle ne reviendra pas <a href=\"https:\/\/www.numerama.com\/sciences\/2101707-la-comete-lemmon-va-faire-ses-adieux-elle-ne-reviendra-pas-avant-plus-de-1-000-ans.html\" rel=\"nofollow noopener\" target=\"_blank\">avant plus de 1 000 ans dans le voisinage terrestre<\/a>.<\/p>\n<p>\u00ab La plus belle photo de com\u00e8te que j\u2019ai jamais prise \u00bb<\/p>\n<p>Un nouveau clich\u00e9 saisissant de cette com\u00e8te a \u00e9t\u00e9 partag\u00e9 le 27 octobre, par Andrew McCarthy, un astrophotographe vivant dans l\u2019Arizona. \u00ab C\u2019est probablement la plus belle photo de com\u00e8te que j\u2019ai jamais prise. Je n\u2019ai jamais vu une queue de com\u00e8te aussi dynamique. [Elle est] incroyablement active et se d\u00e9place rapidement, ce qui la rend difficile \u00e0 prendre en photo \u00bb, <a href=\"https:\/\/x.com\/AJamesMcCarthy\/status\/1982601788621803521\" target=\"_blank\" rel=\"noreferrer noopener nofollow\">a-t-il expliqu\u00e9 sur X<\/a>.<\/p>\n<p><a href=\"https:\/\/www.numerama.com\/wp-content\/uploads\/2025\/10\/comete-lemmon-ajamesmccarthy.jpeg\" rel=\"nofollow noopener\" target=\"_blank\"><img decoding=\"async\" width=\"922\" height=\"1024\" loading=\"lazy\" alt=\"La com\u00e8te Lemmon et sa superbe queue color\u00e9e. \/\/ Source : Via X @AJamesMcCarthy\" title=\"La com\u00e8te Lemmon et sa superbe queue color\u00e9e. \/\/ Source : Via X @AJamesMcCarthy\" class=\"wp-image-2102947 placeholder-default wp-image\" src=\"https:\/\/www.europesays.com\/fr\/wp-content\/uploads\/2025\/10\/comete-lemmon-ajamesmccarthy-922x1024.jpeg\" \/><\/a>La com\u00e8te Lemmon et sa superbe queue color\u00e9e. \/\/ Source : <a target=\"_blank\" href=\"https:\/\/x.com\/AJamesMcCarthy\/status\/1982601788621803521\/photo\/1\" rel=\"nofollow\">Via X @AJamesMcCarthy<\/a><\/p>\n<p><a href=\"https:\/\/x.com\/AJamesMcCarthy\/status\/1982602140561649902\" target=\"_blank\" rel=\"noreferrer noopener nofollow\">Dans un autre tweet<\/a>, l\u2019astrophotographe montre comment Lemmon \u00e9volue dans le ciel, avec les mouvements de sa surprenante queue com\u00e9taire. Andrew McCarthy a assembl\u00e9 des images correspondant \u00e0 40 minutes d\u2019observation des mouvements de C\/2025 A6 (Lemmon).<\/p>\n<blockquote class=\"twitter-tweet\" data-width=\"500\" data-dnt=\"true\">\n<p lang=\"en\" dir=\"ltr\">Here&rsquo;s a timelapse of about 40 minutes of movement. You can see not only the movement against the stars, but the way the tail streams away from the nucleus. This is monochrome due to the way I had to cycle through filters to capture color.<\/p>\n<p>I&rsquo;m shooting it again tonight. WOW. <a href=\"https:\/\/t.co\/xrtPtRC5S4\" rel=\"nofollow\">pic.twitter.com\/xrtPtRC5S4<\/a><\/p>\n<p>\u2014 Andrew McCarthy (@AJamesMcCarthy) <a href=\"https:\/\/twitter.com\/AJamesMcCarthy\/status\/1982602140561649902?ref_src=twsrc%5Etfw\" rel=\"nofollow noopener\" target=\"_blank\">October 27, 2025<\/a><\/p><\/blockquote>\n<p>            Ce contenu est bloqu\u00e9 car vous n\u2019avez pas accept\u00e9 les cookies et autres traceurs. Ce contenu est fourni par Twitter.<br \/>Pour pouvoir le visualiser, vous devez accepter l\u2019usage \u00e9tant op\u00e9r\u00e9 par Twitter avec vos donn\u00e9es qui pourront \u00eatre utilis\u00e9es pour les finalit\u00e9s suivantes : vous permettre de visualiser et de partager des contenus avec des m\u00e9dias sociaux, favoriser le d\u00e9veloppement et l\u2019am\u00e9lioration des produits d\u2019Humanoid et de ses partenaires, vous afficher des publicit\u00e9s personnalis\u00e9es par rapport \u00e0 votre profil et activit\u00e9, vous d\u00e9finir un profil publicitaire personnalis\u00e9, mesurer la performance des publicit\u00e9s et du contenu de ce site et mesurer l\u2019audience de ce site <a href=\"#\" class=\"js-privacy\" target=\"_blank\">(en savoir plus)<\/a>        <\/p>\n<p>            En cliquant sur \u00ab J\u2019accepte tout \u00bb, vous consentez aux finalit\u00e9s susmentionn\u00e9es pour l\u2019ensemble des cookies et autres traceurs d\u00e9pos\u00e9s par Humanoid et <a class=\"embed-consent-overlay-vendors-link\" href=\"#preferences-vendeurs\">ses partenaires<\/a>.        <\/p>\n<p>            Vous gardez la possibilit\u00e9 de retirer votre consentement \u00e0 tout moment. Pour plus d\u2019informations, nous vous invitons \u00e0 prendre connaissance de notre <a href=\"https:\/\/www.numerama.com\/politique-cookies\" rel=\"nofollow noopener\" target=\"_blank\">Politique cookies<\/a>.        <\/p>\n<p>        J\u2019accepte tout    <\/p>\n<p class=\"embed-consent-overlay-manage-choices\">        <a href=\"#preferences-publicitaires\">G\u00e9rer mes choix<\/a>    <\/p>\n<p>\u00ab Vous pouvez voir non seulement le mouvement par rapport aux \u00e9toiles, mais aussi la fa\u00e7on dont la queue s\u2019\u00e9loigne du noyau. L\u2019image est monochrome car j\u2019ai d\u00fb passer par plusieurs filtres pour capturer la couleur \u00bb, d\u00e9taille Andrew McCarthy \u2014 avant d\u2019ajouter qu\u2019il va continuer \u00e0 photographier la com\u00e8te le soir suivant.<\/p>\n<p>Dans les commentaires, de nombreux internautes sont <a href=\"https:\/\/x.com\/Mookafish\/status\/1982608051564847613\" target=\"_blank\" rel=\"noreferrer noopener nofollow\">admiratifs<\/a> de cette image, assurant qu\u2019il s\u2019agit aussi d\u2019une des plus belles photos de com\u00e8te qu\u2019ils aient jamais vu.<\/p>\n<p>Encore quelques jours avant que la com\u00e8te Lemmon s\u2019en aille<\/p>\n<p>Le 21 octobre, la com\u00e8te Lemmon est pass\u00e9e au plus pr\u00e8s de la Terre. Elle est actuellement en train de se rapprocher du <a href=\"https:\/\/www.numerama.com\/sciences\/832387-le-soleil-tout-savoir-sur-letoile-du-systeme-solaire.html\" data-popover-target=\"definition\" data-tag=\"Le Soleil\u00a0: tout savoir sur l\u2019\u00e9toile du syst\u00e8me solaire en 22 questions\" data-chapo=\"Le Soleil est une \u00e9toile. Pas n&#039;importe laquelle : l&#039;\u00e9toile de notre syst\u00e8me solaire. C&#039;est autour de lui que la Terre, les autres plan\u00e8tes et encore bien d&#039;autres objets tournent continuellement.\" data-image=\"https:\/\/c0.lestechnophiles.com\/www.numerama.com\/wp-content\/uploads\/2025\/04\/solar-orbiter-1024x1024.jpg?key=d675f100\" rel=\"nofollow noopener\" target=\"_blank\">Soleil<\/a>, son <a href=\"https:\/\/www.numerama.com\/sciences\/597296-la-terre-passe-au-perihelie-aujourdhui-quest-ce-que-ca-veut-dire.html\" data-popover-target=\"definition\" data-tag=\"La Terre passe au p\u00e9rih\u00e9lie\u00a0: qu\u2019est-ce que \u00e7a veut dire\u00a0?\" data-chapo=\"Le samedi 4 janvier 2025, la Terre passe au p\u00e9rih\u00e9lie. Que cache ce ph\u00e9nom\u00e8ne astronomique ? Il est li\u00e9 \u00e0 la distance entre la Terre et le Soleil.\" data-image=\"https:\/\/c0.lestechnophiles.com\/www.numerama.com\/wp-content\/uploads\/2024\/01\/terre-soleil-1024x576.jpg?key=016b3212\" rel=\"nofollow noopener\" target=\"_blank\">p\u00e9rih\u00e9lie<\/a> \u00e9tant pr\u00e9vu <a href=\"https:\/\/www.timeanddate.com\/news\/astronomy\/comet-c-2025-a6-lemmon\" target=\"_blank\" rel=\"nofollow noopener\">le 8 novembre 2025<\/a>. Nul ne sait comment C\/2025 A6 (Lemmon) r\u00e9agira \u00e0 l\u2019approche du Soleil (cela peut \u00eatre fatal \u00e0 certaines com\u00e8tes), mais il y a une certitude : c\u2019est actuellement la meilleure p\u00e9riode pour la voir avant longtemps.<\/p>\n<p>            <img decoding=\"async\" src=\"https:\/\/www.europesays.com\/fr\/wp-content\/uploads\/2025\/04\/iPhone-16-pro.png\" alt=\"Toute l'actu tech en un clien d'oeil\"\/><\/p>\n<p class=\"card-install-pwa__title\">Toute l&rsquo;actu tech en un clin d&rsquo;\u0153il<\/p>\n<p class=\"card-install-pwa__description\">Ajoutez Numerama \u00e0 votre \u00e9cran d&rsquo;accueil et restez connect\u00e9s au futur !<\/p>\n<p>            <img decoding=\"async\" src=\"https:\/\/www.numerama.com\/wp-content\/themes\/numerama-next\/assets\/images\/premium\/logo-card-pwa-coupe.svg\" alt=\"Logo PWA\"\/><\/p>\n<p>       Installer Numerama<\/p>\n<p class=\"title\">\n            Tout comprendre \u00e0 ce qu&rsquo;est une             <a href=\"https:\/\/www.numerama.com\/sciences\/746052-quest-ce-quune-comete.html\" rel=\"nofollow noopener\" target=\"_blank\"><br \/>\n                com\u00e8te            <\/a>\n        <\/p>\n<p>        <script async src=\"https:\/\/platform.twitter.com\/widgets.js\" charset=\"utf-8\"><\/script><\/p>\n","protected":false},"excerpt":{"rendered":"Un astrophotographe a partag\u00e9 un clich\u00e9 monumental de la com\u00e8te C\/2025 A6 (Lemmon). Il est parvenu \u00e0 capturer&hellip;\n","protected":false},"author":2,"featured_media":493250,"comment_status":"","ping_status":"","sticky":false,"template":"","format":"standard","meta":{"footnotes":""},"categories":[1358],"tags":[1348,1384,1385,60447,1386,58,59,1011,27,1756,24901],"class_list":{"0":"post-493249","1":"post","2":"type-post","3":"status-publish","4":"format-standard","5":"has-post-thumbnail","7":"category-arts-et-design","8":"tag-arts","9":"tag-arts-and-design","10":"tag-arts-et-design","11":"tag-comete","12":"tag-design","13":"tag-divertissement","14":"tag-entertainment","15":"tag-fr","16":"tag-france","17":"tag-photographie","18":"tag-systeme-solaire"},"share_on_mastodon":{"url":"https:\/\/pubeurope.com\/@fr\/115446464191981863","error":""},"_links":{"self":[{"href":"https:\/\/www.europesays.com\/fr\/wp-json\/wp\/v2\/posts\/493249","targetHints":{"allow":["GET"]}}],"collection":[{"href":"https:\/\/www.europesays.com\/fr\/wp-json\/wp\/v2\/posts"}],"about":[{"href":"https:\/\/www.europesays.com\/fr\/wp-json\/wp\/v2\/types\/post"}],"author":[{"embeddable":true,"href":"https:\/\/www.europesays.com\/fr\/wp-json\/wp\/v2\/users\/2"}],"replies":[{"embeddable":true,"href":"https:\/\/www.europesays.com\/fr\/wp-json\/wp\/v2\/comments?post=493249"}],"version-history":[{"count":0,"href":"https:\/\/www.europesays.com\/fr\/wp-json\/wp\/v2\/posts\/493249\/revisions"}],"wp:featuredmedia":[{"embeddable":true,"href":"https:\/\/www.europesays.com\/fr\/wp-json\/wp\/v2\/media\/493250"}],"wp:attachment":[{"href":"https:\/\/www.europesays.com\/fr\/wp-json\/wp\/v2\/media?parent=493249"}],"wp:term":[{"taxonomy":"category","embeddable":true,"href":"https:\/\/www.europesays.com\/fr\/wp-json\/wp\/v2\/categories?post=493249"},{"taxonomy":"post_tag","embeddable":true,"href":"https:\/\/www.europesays.com\/fr\/wp-json\/wp\/v2\/tags?post=493249"}],"curies":[{"name":"wp","href":"https:\/\/api.w.org\/{rel}","templated":true}]}}