{"id":493269,"date":"2025-10-27T14:03:11","date_gmt":"2025-10-27T14:03:11","guid":{"rendered":"https:\/\/www.europesays.com\/fr\/493269\/"},"modified":"2025-10-27T14:03:11","modified_gmt":"2025-10-27T14:03:11","slug":"vous-etes-desormais-dans-lillegalite-si-vous-detenez-ces-armes-blanches","status":"publish","type":"post","link":"https:\/\/www.europesays.com\/fr\/493269\/","title":{"rendered":"Vous \u00eates d\u00e9sormais dans l\u2019ill\u00e9galit\u00e9 si vous d\u00e9tenez ces armes blanches"},"content":{"rendered":"<p>En France, on ne peut pas se balader hors de son domicile avec un <a href=\"https:\/\/www.20minutes.fr\/dossier\/couteau\" class=\"c-link c-link--is-underlined\" target=\"_blank\" rel=\"noopener\">couteau<\/a>, ou n\u2019importe quelle arme de cat\u00e9gorie D, sans pouvoir \u00eatre en mesure de fournir un motif dont la l\u00e9gitimit\u00e9 sera appr\u00e9ci\u00e9e par les <a href=\"https:\/\/www.20minutes.fr\/dossier\/police\" class=\"c-link c-link--is-underlined\" target=\"_blank\" rel=\"noopener\">forces de l\u2019ordre<\/a> en cas de contr\u00f4le. Paradoxalement, ces m\u00eames <a href=\"https:\/\/www.20minutes.fr\/dossier\/armes\" class=\"c-link c-link--is-underlined\" target=\"_blank\" rel=\"noopener\">armes blanches<\/a> peuvent \u00ab\u00a0\u00eatre achet\u00e9es et d\u00e9tenues librement\u00a0\u00bb \u00e0 condition que l\u2019on soit majeur. Mais la l\u00e9gislation tend \u00e0 se durcir et certaines armes blanches sont d\u00e9sormais ill\u00e9gales.<\/p>\n<p>Les r\u00e9cents faits divers impliquant des mineurs et des armes blanches ont d\u00e9bouch\u00e9 sur un rapport minist\u00e9riel, lequel a engendr\u00e9 la <a href=\"https:\/\/www.somme.gouv.fr\/Actualite\/Evolution-de-la-reglementation-sur-les-armes-blanches?fbclid=IwY2xjawNsP3BleHRuA2FlbQIxMABicmlkETFwT2c3aExzMkpVclpFQnpxAR7h_7q_1vvnAgr6gZ3KD8C1Rubm0BkZTZSjUK1X7ZEgkiO5i1A8rIgF8lGKeA_aem_7pwkEyLOVu4zqkcPr5naBg\" rel=\"nofollow noopener\" target=\"_blank\" class=\"c-link c-link--is-underlined\">modification de la l\u00e9gislation<\/a> depuis le 5\u00a0septembre dernier. Le gros changement concerne certains types d\u2019armes blanches, d\u00e9sormais class\u00e9s en <a href=\"https:\/\/www.service-public.gouv.fr\/particuliers\/vosdroits\/F2242\" rel=\"nofollow noopener\" target=\"_blank\" class=\"c-link c-link--is-underlined\">cat\u00e9gorie A1<\/a> au m\u00eame titre que les armes \u00e0 feu automatiques ou les armes de guerre. Il s\u2019agit des \u00ab\u00a0couteaux, coutelas et machette, \u00e0 lame fixe, dit couteau zombie\u00a0\u00bb. Sont aussi inclus \u00ab\u00a0les coups de poing am\u00e9ricain\u00a0\u00bb et les armes de type \u00ab\u00a0mixte\u00a0\u00bb (coup-de-poing am\u00e9ricain et une lame fixe dentel\u00e9e) post\u00e9rieurs \u00e0\u00a01900.<\/p>\n<p>\u00ab\u00a0Cinq ans de prison et 75.000 euros d\u2019amende\u00a0\u00bb<\/p>\n<p>Tout \u00e7a est d\u00e9sormais interdit \u00ab\u00a0\u00e0 la vente et \u00e0 la d\u00e9tention\u00a0\u00bb. Les possesseurs de ce type d\u2019armes, commer\u00e7ants ou particuliers, doivent les remettre aux forces de l\u2019ordre avant le 7\u00a0d\u00e9cembre prochain. Au-del\u00e0 de cette date, ils encourent \u00ab\u00a0cinq ans de prison et 75.000 euros d\u2019amende\u00a0\u00bb.<\/p>\n<\/p>\n<p>La nouvelle l\u00e9gislation s\u2019est aussi pench\u00e9e sur les commerces, hors armureries agr\u00e9\u00e9es, qui vendent des armes blanches <a href=\"https:\/\/www.service-public.gouv.fr\/particuliers\/vosdroits\/F2248\" rel=\"nofollow noopener\" target=\"_blank\" class=\"c-link c-link--is-underlined\">class\u00e9es \u00ab\u00a0Da\u00a0\u00bb<\/a>, comme des matraques, des couteaux \u00e0 cran d\u2019arr\u00eat ou les fameuses \u00ab\u00a0\u00e9toiles de ninja\u00a0\u00bb. La vente de ces armes blanches ne sera plus possible dans un commerce physique qui n\u2019aura pas obtenu une autorisation pr\u00e9fectorale sp\u00e9ciale apr\u00e8s le 7\u00a0mars prochain.<\/p>\n<p><a href=\"https:\/\/www.20minutes.fr\/dossier\/armes\" class=\"c-link c-btn c-btn--primary\" target=\"_blank\" rel=\"noopener\">Notre dossier sur les armes<\/a><\/p>\n<p>Bien entendu, la vente aux mineurs demeure interdite, quel que soit le type d\u2019arme, et cette interdiction doit \u00eatre affich\u00e9e clairement, que ce soit dans les commerces physiques ou en ligne.<\/p>\n","protected":false},"excerpt":{"rendered":"En France, on ne peut pas se balader hors de son domicile avec un couteau, ou n\u2019importe quelle&hellip;\n","protected":false},"author":2,"featured_media":493270,"comment_status":"","ping_status":"","sticky":false,"template":"","format":"standard","meta":{"footnotes":""},"categories":[4],"tags":[47,11,6376,7623,1011,27,420,12,25,104],"class_list":{"0":"post-493269","1":"post","2":"type-post","3":"status-publish","4":"format-standard","5":"has-post-thumbnail","7":"category-france","8":"tag-actualite","9":"tag-actualites","10":"tag-armes","11":"tag-coup-de-couteau","12":"tag-fr","13":"tag-france","14":"tag-loi","15":"tag-news","16":"tag-republique-francaise","17":"tag-societe"},"share_on_mastodon":{"url":"https:\/\/pubeurope.com\/@fr\/115446507725010993","error":""},"_links":{"self":[{"href":"https:\/\/www.europesays.com\/fr\/wp-json\/wp\/v2\/posts\/493269","targetHints":{"allow":["GET"]}}],"collection":[{"href":"https:\/\/www.europesays.com\/fr\/wp-json\/wp\/v2\/posts"}],"about":[{"href":"https:\/\/www.europesays.com\/fr\/wp-json\/wp\/v2\/types\/post"}],"author":[{"embeddable":true,"href":"https:\/\/www.europesays.com\/fr\/wp-json\/wp\/v2\/users\/2"}],"replies":[{"embeddable":true,"href":"https:\/\/www.europesays.com\/fr\/wp-json\/wp\/v2\/comments?post=493269"}],"version-history":[{"count":0,"href":"https:\/\/www.europesays.com\/fr\/wp-json\/wp\/v2\/posts\/493269\/revisions"}],"wp:featuredmedia":[{"embeddable":true,"href":"https:\/\/www.europesays.com\/fr\/wp-json\/wp\/v2\/media\/493270"}],"wp:attachment":[{"href":"https:\/\/www.europesays.com\/fr\/wp-json\/wp\/v2\/media?parent=493269"}],"wp:term":[{"taxonomy":"category","embeddable":true,"href":"https:\/\/www.europesays.com\/fr\/wp-json\/wp\/v2\/categories?post=493269"},{"taxonomy":"post_tag","embeddable":true,"href":"https:\/\/www.europesays.com\/fr\/wp-json\/wp\/v2\/tags?post=493269"}],"curies":[{"name":"wp","href":"https:\/\/api.w.org\/{rel}","templated":true}]}}