{"id":493273,"date":"2025-10-27T14:05:12","date_gmt":"2025-10-27T14:05:12","guid":{"rendered":"https:\/\/www.europesays.com\/fr\/493273\/"},"modified":"2025-10-27T14:05:12","modified_gmt":"2025-10-27T14:05:12","slug":"saint-etienne-circulant-a-vive-allure-et-sans-permis-il-est-interpelle-par-les-forces-de-police","status":"publish","type":"post","link":"https:\/\/www.europesays.com\/fr\/493273\/","title":{"rendered":"Saint-\u00c9tienne. Circulant \u00e0 vive allure et sans permis, il est interpell\u00e9 par les forces de police"},"content":{"rendered":"<p>Il \u00e9tait environ 1 heure du matin, ce dimanche 26\u00a0octobre, quand un \u00e9quipage de police secours nuit surprend le chauffeur d\u2019une Audi S3 en train de circuler \u00e0 vive allure, rue D\u00e9sir\u00e9-Claude, \u00e0 quelques encablures du centre-ville de Saint-\u00c9tienne.<\/p>\n<p>Le conducteur, \u00e2g\u00e9 de 26 ans et originaire de Saint-\u00c9tienne, est alors stopp\u00e9 et soumis \u00e0 un contr\u00f4le de s\u00e9curit\u00e9. S\u00fbr de son fait, l\u2019homme explique alors aux policiers vouloir ramener son passager chez lui, car il a trop bu.<\/p>\n<p>  Il voulait ramener son passage chez lui, car il avait trop bu<\/p>\n<p>Mais les fonctionnaires d\u00e9couvrent que l\u2019individu derri\u00e8re le volant conduit malgr\u00e9 la suspension de son permis de conduire, qui lui avait \u00e9t\u00e9 signifi\u00e9e en juillet dernier.<\/p>\n<p>Interpell\u00e9 et plac\u00e9 en garde en vue, le St\u00e9phanois a refus\u00e9 dans un premier temps d\u2019\u00eatre auditionn\u00e9 par les forces de l\u2019ordre, et s\u2019est montr\u00e9 agressif et provocant.<\/p>\n<p>Il sera remis en libert\u00e9 au terme de sa garde \u00e0 vue, mais devra r\u00e9pondre d\u2019une convocation devant le tribunal au cours des prochaines semaines.<\/p>\n","protected":false},"excerpt":{"rendered":"Il \u00e9tait environ 1 heure du matin, ce dimanche 26\u00a0octobre, quand un \u00e9quipage de police secours nuit surprend&hellip;\n","protected":false},"author":2,"featured_media":493274,"comment_status":"","ping_status":"","sticky":false,"template":"","format":"standard","meta":{"footnotes":""},"categories":[9653],"tags":[1111,11,2430,271,272,7539,1777,674,274,1011,27,3367,12,25,4001,7538,104],"class_list":{"0":"post-493273","1":"post","2":"type-post","3":"status-publish","4":"format-standard","5":"has-post-thumbnail","7":"category-saint-etienne","8":"tag-actu","9":"tag-actualites","10":"tag-auvergne-rhone-alpes","11":"tag-crime","12":"tag-delit-et-contravention","13":"tag-edition-loire-sud","14":"tag-eu","15":"tag-europe","16":"tag-faits-divers-justice","17":"tag-fr","18":"tag-france","19":"tag-loire","20":"tag-news","21":"tag-republique-francaise","22":"tag-saint-etienne","23":"tag-saint-etienne-ville","24":"tag-societe"},"share_on_mastodon":{"url":"https:\/\/pubeurope.com\/@fr\/115446515574117504","error":""},"_links":{"self":[{"href":"https:\/\/www.europesays.com\/fr\/wp-json\/wp\/v2\/posts\/493273","targetHints":{"allow":["GET"]}}],"collection":[{"href":"https:\/\/www.europesays.com\/fr\/wp-json\/wp\/v2\/posts"}],"about":[{"href":"https:\/\/www.europesays.com\/fr\/wp-json\/wp\/v2\/types\/post"}],"author":[{"embeddable":true,"href":"https:\/\/www.europesays.com\/fr\/wp-json\/wp\/v2\/users\/2"}],"replies":[{"embeddable":true,"href":"https:\/\/www.europesays.com\/fr\/wp-json\/wp\/v2\/comments?post=493273"}],"version-history":[{"count":0,"href":"https:\/\/www.europesays.com\/fr\/wp-json\/wp\/v2\/posts\/493273\/revisions"}],"wp:featuredmedia":[{"embeddable":true,"href":"https:\/\/www.europesays.com\/fr\/wp-json\/wp\/v2\/media\/493274"}],"wp:attachment":[{"href":"https:\/\/www.europesays.com\/fr\/wp-json\/wp\/v2\/media?parent=493273"}],"wp:term":[{"taxonomy":"category","embeddable":true,"href":"https:\/\/www.europesays.com\/fr\/wp-json\/wp\/v2\/categories?post=493273"},{"taxonomy":"post_tag","embeddable":true,"href":"https:\/\/www.europesays.com\/fr\/wp-json\/wp\/v2\/tags?post=493273"}],"curies":[{"name":"wp","href":"https:\/\/api.w.org\/{rel}","templated":true}]}}