{"id":493275,"date":"2025-10-27T14:06:17","date_gmt":"2025-10-27T14:06:17","guid":{"rendered":"https:\/\/www.europesays.com\/fr\/493275\/"},"modified":"2025-10-27T14:06:17","modified_gmt":"2025-10-27T14:06:17","slug":"saint-etienne-apres-burger-king-mcdonalds-va-t-il-installer-un-restaurant-en-centre-ville","status":"publish","type":"post","link":"https:\/\/www.europesays.com\/fr\/493275\/","title":{"rendered":"Saint-\u00c9tienne. Apr\u00e8s Burger King, McDonald&rsquo;s va-t-il installer un restaurant en centre-ville\u00a0?"},"content":{"rendered":"<p>            Par<br \/>\n        <strong><br \/>\n            <a href=\"https:\/\/actu.fr\/auteur\/mathias-souteyrat\" title=\"Consulter tous les articles de Mathias Souteyrat\" rel=\"nofollow noopener\" target=\"_blank\">Mathias Souteyrat<\/a><br \/>\n        <\/strong><\/p>\n<p>        Publi\u00e9 le<\/p>\n<p>            27 oct. 2025 \u00e0 14h43        <\/p>\n<p>\u00c0 <a href=\"https:\/\/actu.fr\/auvergne-rhone-alpes\/saint-etienne_42218\" rel=\"nofollow noopener\" target=\"_blank\">Saint-Etienne<\/a>, l\u2019arriv\u00e9e imminente de <a href=\"https:\/\/actu.fr\/auvergne-rhone-alpes\/saint-etienne_42218\/saint-etienne-l-ouverture-de-ce-burger-king-en-centre-ville-se-precise-ce-qu-il-faut-savoir_63239419.html\" rel=\"nofollow noopener\" target=\"_blank\">Burger King place du Peuple \u00e0 la place de Zara<\/a> a-t-elle bouscul\u00e9 les plans de son grand concurrent des fast-foods <a href=\"https:\/\/actu.fr\/tag\/mcdonald-s\" rel=\"nofollow noopener\" target=\"_blank\">McDonald\u2019s<\/a>\u2009? Comme le rapporte <a href=\"https:\/\/www.leprogres.fr\/economie\/2025\/10\/17\/un-mcdo-bientot-a-la-place-du-glasgow-il-n-y-a-absolument-rien-de-signe\" rel=\"nofollow noopener\" target=\"_blank\">Le Progr\u00e8s<\/a>, McDo serait \u00e0 la recherche d\u2019une cellule commerciale d\u2019au moins 300 m\u00b2, dans un p\u00e9rim\u00e8tre compris entre la place Jean-Jaur\u00e8s et la place Dorian.<br \/>On fait le point sur la rumeur d\u2019ouverture d\u2019un restaurant dans l\u2019hypercentre st\u00e9phanois.<\/p>\n<p>Des commerces de centre-ville contact\u00e9s<\/p>\n<p class=\" wall-content\">McDo aurait contact\u00e9 plusieurs commerces du centre-ville, comme les restaurants <strong>Jeannette<\/strong> ou <strong>Le Glasgow<\/strong>, pour conna\u00eetre leur vell\u00e9it\u00e9 de vendre.<\/p>\n<p class=\" wall-content\">Interrog\u00e9 par nos confr\u00e8res, Franck Porte, propri\u00e9taire du fonds de commerce Le Glasgow, a r\u00e9pondu\u2009: \u00ab\u2009Il n\u2019y a absolument rien de sign\u00e9, je n\u2019ai pas vendu \u00e0 McDo. J\u2019ai \u00e9t\u00e9 approch\u00e9, comme d\u2019autres confr\u00e8res du centre-ville, mais il n\u2019y a m\u00eame pas eu le commencement de n\u00e9gociations. Apr\u00e8s, si demain quelqu\u2019un m\u2019en donne un bon prix, je vends\u2009: la situation du centre-ville est devenue tellement compliqu\u00e9e\u2026\u2009\u00bb<\/p>\n<p>\u00ab\u2009Nous n\u2019allons pas pouvoir commenter \u00e0 ce stade\u2009\u00bb<\/p>\n<p class=\" wall-content\">Contact\u00e9e par nos soins concernant une possible implantation dans l\u2019hypercentre st\u00e9phanois, l\u2019enseigne de restauration rapide nous a r\u00e9pondu.<\/p>\n<blockquote class=\"ac-article-quote wall-content\">\n<p>Nous n\u2019allons malheureusement pas pouvoir commenter \u00e0 ce stade.<\/p>\n<p>    <strong>McDonald\u2019s <\/strong>\n            <\/p><\/blockquote>\n<p class=\" wall-content\">Pour rappel, de 1986 \u00e0 2003, un McDonald\u2019s sur deux \u00e9tages se trouvait sur la place du Peuple, \u00e0 la place de Zara, l\u00e0 o\u00f9 d\u00e9barque donc Burger King.<\/p>\n<p class=\" wall-content\">\u00c0 l\u2019\u00e9poque, g\u00e9r\u00e9 par un franchis\u00e9, le restaurant avait \u00e9t\u00e9 oblig\u00e9 de fermer \u00e0 cause de nombreuses contraintes li\u00e9es \u00e0 l\u2019emplacement (difficult\u00e9 de se garer, d\u2019approvisionnement, etc.).<\/p>\n<p class=\" wall-content\">Personnalisez votre actualit\u00e9 en ajoutant vos villes et m\u00e9dias en favori avec <a href=\"https:\/\/moncompte.actu.fr\" title=\"D\u00e9couvez Mon Actu\" rel=\"nofollow noopener\" data-trk=\"{&quot;cta&quot;:{&quot;action&quot;:&quot;https:\\\/\\\/moncompte.actu.fr&quot;,&quot;category&quot;:&quot;mon compte&quot;,&quot;from&quot;:&quot;article footer&quot;,&quot;name&quot;:&quot;Mon actu&quot;,&quot;type&quot;:&quot;cta&quot;}}\" target=\"_blank\">Mon Actu<\/a>.<\/p>\n","protected":false},"excerpt":{"rendered":"Par Mathias Souteyrat Publi\u00e9 le 27 oct. 2025 \u00e0 14h43 \u00c0 Saint-Etienne, l\u2019arriv\u00e9e imminente de Burger King place&hellip;\n","protected":false},"author":2,"featured_media":493276,"comment_status":"","ping_status":"","sticky":false,"template":"","format":"standard","meta":{"footnotes":""},"categories":[9653],"tags":[1111,11,2430,33,1777,674,1011,27,679,12,3147,25,1340,4001],"class_list":{"0":"post-493275","1":"post","2":"type-post","3":"status-publish","4":"format-standard","5":"has-post-thumbnail","7":"category-saint-etienne","8":"tag-actu","9":"tag-actualites","10":"tag-auvergne-rhone-alpes","11":"tag-economie","12":"tag-eu","13":"tag-europe","14":"tag-fr","15":"tag-france","16":"tag-mcdonalds","17":"tag-news","18":"tag-nouveaux-commerces","19":"tag-republique-francaise","20":"tag-restaurant","21":"tag-saint-etienne"},"share_on_mastodon":{"url":"https:\/\/pubeurope.com\/@fr\/115446519481200059","error":""},"_links":{"self":[{"href":"https:\/\/www.europesays.com\/fr\/wp-json\/wp\/v2\/posts\/493275","targetHints":{"allow":["GET"]}}],"collection":[{"href":"https:\/\/www.europesays.com\/fr\/wp-json\/wp\/v2\/posts"}],"about":[{"href":"https:\/\/www.europesays.com\/fr\/wp-json\/wp\/v2\/types\/post"}],"author":[{"embeddable":true,"href":"https:\/\/www.europesays.com\/fr\/wp-json\/wp\/v2\/users\/2"}],"replies":[{"embeddable":true,"href":"https:\/\/www.europesays.com\/fr\/wp-json\/wp\/v2\/comments?post=493275"}],"version-history":[{"count":0,"href":"https:\/\/www.europesays.com\/fr\/wp-json\/wp\/v2\/posts\/493275\/revisions"}],"wp:featuredmedia":[{"embeddable":true,"href":"https:\/\/www.europesays.com\/fr\/wp-json\/wp\/v2\/media\/493276"}],"wp:attachment":[{"href":"https:\/\/www.europesays.com\/fr\/wp-json\/wp\/v2\/media?parent=493275"}],"wp:term":[{"taxonomy":"category","embeddable":true,"href":"https:\/\/www.europesays.com\/fr\/wp-json\/wp\/v2\/categories?post=493275"},{"taxonomy":"post_tag","embeddable":true,"href":"https:\/\/www.europesays.com\/fr\/wp-json\/wp\/v2\/tags?post=493275"}],"curies":[{"name":"wp","href":"https:\/\/api.w.org\/{rel}","templated":true}]}}