{"id":493279,"date":"2025-10-27T14:08:12","date_gmt":"2025-10-27T14:08:12","guid":{"rendered":"https:\/\/www.europesays.com\/fr\/493279\/"},"modified":"2025-10-27T14:08:12","modified_gmt":"2025-10-27T14:08:12","slug":"une-prevente-organisee-mercredi-voici-comment-obtenir-des-billets","status":"publish","type":"post","link":"https:\/\/www.europesays.com\/fr\/493279\/","title":{"rendered":"une pr\u00e9vente organis\u00e9e mercredi, voici comment obtenir des billets"},"content":{"rendered":"<p>            Par<br \/>\n        <strong><br \/>\n            <a href=\"https:\/\/actu.fr\/auteur\/amandine-mehl\" title=\"Consulter tous les articles de Amandine Mehl\" target=\"_blank\" rel=\"noopener\">Amandine Mehl<\/a><br \/>\n        <\/strong><\/p>\n<p>        Publi\u00e9 le<\/p>\n<p>            27 oct. 2025 \u00e0 12h37        <\/p>\n<p>Annonc\u00e9e au <a href=\"https:\/\/actu.fr\/hauts-de-france\/arras_62041\/arras-une-star-de-la-pop-americaine-annoncee-pour-le-main-square-festival-2026_63296641.html\" target=\"_blank\" rel=\"noopener\">Main Square Festival 2026<\/a>, Katy Perry, star de la <strong>pop am\u00e9ricaine<\/strong>, fera \u00e9galement partie de la <strong>programmation<\/strong> du <strong>Nancy Open Air 2026<\/strong> !<\/p>\n<p class=\" wall-content\">Les organisateurs ont annonc\u00e9 sa pr\u00e9sence ce lundi 27 octobre pour \u00ab\u00a0une <strong>date exceptionnelle<\/strong>\u00a0\u00bb dans l\u2019amphith\u00e9\u00e2tre plein air du <a href=\"https:\/\/actu.fr\/tag\/zenith-de-nancy\" target=\"_blank\" rel=\"noopener\">Z\u00e9nith de Nancy<\/a> le dimanche 12 juillet 2026.<\/p>\n<p>Une pr\u00e9vente exclusive pour le concert de Katy Perry \u00e0 Nancy<\/p>\n<p class=\" wall-content\">Si le <strong>prix des places<\/strong> de <a href=\"https:\/\/actu.fr\/loisirs-culture\/concert\" target=\"_blank\" rel=\"noopener\">concert<\/a> <strong>n\u2019a pas \u00e9t\u00e9 d\u00e9voil\u00e9<\/strong>, tout comme la date officielle de mise en vente des billets, une <strong>pr\u00e9vente exclusive<\/strong> est organis\u00e9e mercredi 29 octobre \u00e0 10h.<\/p>\n<p class=\" wall-content\">Les personnes int\u00e9ress\u00e9es sont invit\u00e9es \u00e0 suivre ce <a href=\"https:\/\/label-ln.trium.fr\/fr\/t\/-\/event\/63830\" target=\"_blank\" rel=\"noopener\">lien<\/a>.<\/p>\n<p class=\" wall-content\">Personnalisez votre actualit\u00e9 en ajoutant vos villes et m\u00e9dias en favori avec <a href=\"https:\/\/moncompte.actu.fr\" title=\"D\u00e9couvez Mon Actu\" rel=\"nofollow noopener\" data-trk=\"{&quot;cta&quot;:{&quot;action&quot;:&quot;https:\\\/\\\/moncompte.actu.fr&quot;,&quot;category&quot;:&quot;mon compte&quot;,&quot;from&quot;:&quot;article footer&quot;,&quot;name&quot;:&quot;Mon actu&quot;,&quot;type&quot;:&quot;cta&quot;}}\" target=\"_blank\">Mon Actu<\/a>.<\/p>\n","protected":false},"excerpt":{"rendered":"Par Amandine Mehl Publi\u00e9 le 27 oct. 2025 \u00e0 12h37 Annonc\u00e9e au Main Square Festival 2026, Katy Perry,&hellip;\n","protected":false},"author":2,"featured_media":493280,"comment_status":"","ping_status":"","sticky":false,"template":"","format":"standard","meta":{"footnotes":""},"categories":[9635],"tags":[1111,11,1697,1777,674,1011,27,775,1652,1702,12,25,59855],"class_list":{"0":"post-493279","1":"post","2":"type-post","3":"status-publish","4":"format-standard","5":"has-post-thumbnail","7":"category-nancy","8":"tag-actu","9":"tag-actualites","10":"tag-concert","11":"tag-eu","12":"tag-europe","13":"tag-fr","14":"tag-france","15":"tag-grand-est","16":"tag-loisirs-culture","17":"tag-nancy","18":"tag-news","19":"tag-republique-francaise","20":"tag-zenith-de-nancy"},"share_on_mastodon":{"url":"https:\/\/pubeurope.com\/@fr\/115446527025442977","error":""},"_links":{"self":[{"href":"https:\/\/www.europesays.com\/fr\/wp-json\/wp\/v2\/posts\/493279","targetHints":{"allow":["GET"]}}],"collection":[{"href":"https:\/\/www.europesays.com\/fr\/wp-json\/wp\/v2\/posts"}],"about":[{"href":"https:\/\/www.europesays.com\/fr\/wp-json\/wp\/v2\/types\/post"}],"author":[{"embeddable":true,"href":"https:\/\/www.europesays.com\/fr\/wp-json\/wp\/v2\/users\/2"}],"replies":[{"embeddable":true,"href":"https:\/\/www.europesays.com\/fr\/wp-json\/wp\/v2\/comments?post=493279"}],"version-history":[{"count":0,"href":"https:\/\/www.europesays.com\/fr\/wp-json\/wp\/v2\/posts\/493279\/revisions"}],"wp:featuredmedia":[{"embeddable":true,"href":"https:\/\/www.europesays.com\/fr\/wp-json\/wp\/v2\/media\/493280"}],"wp:attachment":[{"href":"https:\/\/www.europesays.com\/fr\/wp-json\/wp\/v2\/media?parent=493279"}],"wp:term":[{"taxonomy":"category","embeddable":true,"href":"https:\/\/www.europesays.com\/fr\/wp-json\/wp\/v2\/categories?post=493279"},{"taxonomy":"post_tag","embeddable":true,"href":"https:\/\/www.europesays.com\/fr\/wp-json\/wp\/v2\/tags?post=493279"}],"curies":[{"name":"wp","href":"https:\/\/api.w.org\/{rel}","templated":true}]}}