{"id":493291,"date":"2025-10-27T14:15:12","date_gmt":"2025-10-27T14:15:12","guid":{"rendered":"https:\/\/www.europesays.com\/fr\/493291\/"},"modified":"2025-10-27T14:15:12","modified_gmt":"2025-10-27T14:15:12","slug":"un-sdf-rate-son-cambriolage-dans-un-restaurant-a-grenoble-et-finit-en-garde-a-vue","status":"publish","type":"post","link":"https:\/\/www.europesays.com\/fr\/493291\/","title":{"rendered":"Un SDF rate son cambriolage dans un restaurant \u00e0 Grenoble et finit en garde \u00e0 vue"},"content":{"rendered":"<p itemprop=\"description\"><strong>Les faits se sont produits peu avant 22h, dans un restaurant situ\u00e9 \u00e0 l\u2019angle du cours Berriat et de la rue d\u2019Alembert.<\/strong><\/p>\n<p>Un individu de 44 ans, sans domicile fixe, a \u00e9t\u00e9 arr\u00eat\u00e9 dimanche soir \u00e0 Grenoble apr\u00e8s une effraction manqu\u00e9e dans un \u00e9tablissement de restauration du quartier Berriat.<br \/>L\u2019homme aurait tent\u00e9 de forcer la caisse avant d\u2019\u00eatre pris sur le fait par le g\u00e9rant.<\/p>\n<p>Ce dernier a aussit\u00f4t poursuivi le cambrioleur, qui a fui les lieux sans butin.<\/p>\n<p>Sa cavale s\u2019est termin\u00e9e dans la cour d\u2019un immeuble voisin, o\u00f9 l\u2019unit\u00e9 canine de la police l\u2019a localis\u00e9 et arr\u00eat\u00e9.<\/p>\n<p>Le quadrag\u00e9naire a \u00e9t\u00e9 plac\u00e9 en garde \u00e0 vue pour tentative de cambriolage et dispose donc d\u2019un toit pour quelques heures.<\/p>\n","protected":false},"excerpt":{"rendered":"Les faits se sont produits peu avant 22h, dans un restaurant situ\u00e9 \u00e0 l\u2019angle du cours Berriat et&hellip;\n","protected":false},"author":2,"featured_media":493292,"comment_status":"","ping_status":"","sticky":false,"template":"","format":"standard","meta":{"footnotes":""},"categories":[9566],"tags":[1111,11,7733,8279,2430,7736,650,7734,2889,2263,1777,674,1011,27,2731,8280,6417,1114,108,4662,12,3725,1825,25,7737],"class_list":{"0":"post-493291","1":"post","2":"type-post","3":"status-publish","4":"format-standard","5":"has-post-thumbnail","7":"category-grenoble","8":"tag-actu","9":"tag-actualites","10":"tag-alpes","11":"tag-alpes1","12":"tag-auvergne-rhone-alpes","13":"tag-cds","14":"tag-cinema","15":"tag-ecoute","16":"tag-emission","17":"tag-equipe","18":"tag-eu","19":"tag-europe","20":"tag-fr","21":"tag-france","22":"tag-grenoble","23":"tag-haute","24":"tag-information","25":"tag-infos","26":"tag-isere","27":"tag-journal","28":"tag-news","29":"tag-podcast","30":"tag-radio","31":"tag-republique-francaise","32":"tag-winamp"},"share_on_mastodon":{"url":"https:\/\/pubeurope.com\/@fr\/115446554537472645","error":""},"_links":{"self":[{"href":"https:\/\/www.europesays.com\/fr\/wp-json\/wp\/v2\/posts\/493291","targetHints":{"allow":["GET"]}}],"collection":[{"href":"https:\/\/www.europesays.com\/fr\/wp-json\/wp\/v2\/posts"}],"about":[{"href":"https:\/\/www.europesays.com\/fr\/wp-json\/wp\/v2\/types\/post"}],"author":[{"embeddable":true,"href":"https:\/\/www.europesays.com\/fr\/wp-json\/wp\/v2\/users\/2"}],"replies":[{"embeddable":true,"href":"https:\/\/www.europesays.com\/fr\/wp-json\/wp\/v2\/comments?post=493291"}],"version-history":[{"count":0,"href":"https:\/\/www.europesays.com\/fr\/wp-json\/wp\/v2\/posts\/493291\/revisions"}],"wp:featuredmedia":[{"embeddable":true,"href":"https:\/\/www.europesays.com\/fr\/wp-json\/wp\/v2\/media\/493292"}],"wp:attachment":[{"href":"https:\/\/www.europesays.com\/fr\/wp-json\/wp\/v2\/media?parent=493291"}],"wp:term":[{"taxonomy":"category","embeddable":true,"href":"https:\/\/www.europesays.com\/fr\/wp-json\/wp\/v2\/categories?post=493291"},{"taxonomy":"post_tag","embeddable":true,"href":"https:\/\/www.europesays.com\/fr\/wp-json\/wp\/v2\/tags?post=493291"}],"curies":[{"name":"wp","href":"https:\/\/api.w.org\/{rel}","templated":true}]}}