{"id":493293,"date":"2025-10-27T14:16:13","date_gmt":"2025-10-27T14:16:13","guid":{"rendered":"https:\/\/www.europesays.com\/fr\/493293\/"},"modified":"2025-10-27T14:16:13","modified_gmt":"2025-10-27T14:16:13","slug":"hockey-sur-glace-coupe-de-france-gap-recevra-chamonix-grenoble-et-briancon-face-a-des-equipes-de-d1-toutes-les-affiches-des-8e-de-finale","status":"publish","type":"post","link":"https:\/\/www.europesays.com\/fr\/493293\/","title":{"rendered":"Hockey sur glace &#8211; Coupe de France. Gap recevra Chamonix, Grenoble et Brian\u00e7on face \u00e0 des \u00e9quipes de D1&#8230; toutes les affiches des\u00a08e de finale"},"content":{"rendered":"<p>Le tirage au sort des 8e de finale de la Coupe de France de hockey sur glace se tenait ce lundi au si\u00e8ge de la FFHG \u00e0 Cergy-Pontoise. Sur huit affiches, seules deux seront 100% Magnus dont celle qui opposera Gap \u00e0 Chamonix \u00e0 l\u2019Alp\u2019Arena.\u00a0Les joueurs de Luciano Basile auront l\u2019avantage de recevoir les Haut-Savoyards. Ce sera l\u2019affiche choc des 8e\u00a0de finale de la Coupe de France pour les clubs de nos r\u00e9gions.<\/p>\n<p>L\u2019autre choc entre deux \u00e9quipes de l\u2019\u00e9lite verra Anglet recevoir Rouen. Toutes les autres \u00e9quipes de Ligue Magnus se d\u00e9placeront chez un adversaire de Division 1 \u00e0 l\u2019exception de Bordeaux qui ira jouer chez le Petit Poucet de ces 8e, Reims qui \u00e9volue en Division 2.<\/p>\n<p>  Grenoble et Brian\u00e7on bien lotis<\/p>\n<p>Le sort a \u00e9t\u00e9 favorable pour les Br\u00fbleurs de loups de Grenoble et les Diables rouges de Brian\u00e7on. Les premiers se d\u00e9placeront chez les Wildcats d\u2019Epinal, une \u00e9quipe qui \u00e9volue en Division 1, un niveau en dessous de la Ligue Magnus. Les Haut-Alpins, eux, se rendront \u00e0 la patinoire de Charlemagne, \u00e0 Lyon. Les Lyonnais, auteurs d\u2019un recrutement ambitieux avec la venue notamment de l\u2019ex-Angevin et Grenoblois\u00a0<a href=\"https:\/\/www.ledauphine.com\/sport\/2025\/05\/22\/grenoble-gap-chamonix-briancon-tous-les-transferts-de-ligue-magnus\" target=\"_blank\" rel=\"noopener\">Peter Valier,<\/a>\u00a0essaieront de renverser la hi\u00e9rarchie dans cette opposition d\u00e9s\u00e9quilibr\u00e9e.\u00a0<\/p>\n<p>Dans les autres matches, Angers ira \u00e0 Valenciennes, Amiens se rendra \u00e0 Caen et Marseille affrontera Strasbourg. Les matchs se joueront les 25 et 26\u00a0novembre avec \u00e0 la clef. Une rencontre \u00e0 \u00e9limination directe avec, \u00e0 la clef, une place en quart de finale pour les \u00e9quipes qui s\u2019imposeront.<\/p>\n","protected":false},"excerpt":{"rendered":"Le tirage au sort des 8e de finale de la Coupe de France de hockey sur glace se&hellip;\n","protected":false},"author":2,"featured_media":493294,"comment_status":"","ping_status":"","sticky":false,"template":"","format":"standard","meta":{"footnotes":""},"categories":[9566],"tags":[1111,11,2430,12923,19384,22849,112,4521,9543,1777,674,1701,1011,27,1085,16204,2731,2732,881,4133,19383,22848,35795,10145,108,12,25,517],"class_list":{"0":"post-493293","1":"post","2":"type-post","3":"status-publish","4":"format-standard","5":"has-post-thumbnail","7":"category-grenoble","8":"tag-actu","9":"tag-actualites","10":"tag-auvergne-rhone-alpes","11":"tag-briancon","12":"tag-briancon-bassin","13":"tag-chamonix-mont-blanc","14":"tag-edition-grenoble-agglomeration","15":"tag-edition-hautes-alpes-alpes-de-haute-provence","16":"tag-edition-mont-blanc-arve","17":"tag-eu","18":"tag-europe","19":"tag-fil-info-sport","20":"tag-fr","21":"tag-france","22":"tag-gap","23":"tag-gap-bassin","24":"tag-grenoble","25":"tag-grenoble-bassin","26":"tag-hautes-alpes","27":"tag-hockey-sur-glace","28":"tag-hockey-sur-glace-briancon","29":"tag-hockey-sur-glace-chamonix","30":"tag-hockey-sur-glace-gap","31":"tag-hockey-sur-glace-grenoble","32":"tag-isere","33":"tag-news","34":"tag-republique-francaise","35":"tag-sport"},"share_on_mastodon":{"url":"","error":"Validation failed: Text character limit of 500 exceeded"},"_links":{"self":[{"href":"https:\/\/www.europesays.com\/fr\/wp-json\/wp\/v2\/posts\/493293","targetHints":{"allow":["GET"]}}],"collection":[{"href":"https:\/\/www.europesays.com\/fr\/wp-json\/wp\/v2\/posts"}],"about":[{"href":"https:\/\/www.europesays.com\/fr\/wp-json\/wp\/v2\/types\/post"}],"author":[{"embeddable":true,"href":"https:\/\/www.europesays.com\/fr\/wp-json\/wp\/v2\/users\/2"}],"replies":[{"embeddable":true,"href":"https:\/\/www.europesays.com\/fr\/wp-json\/wp\/v2\/comments?post=493293"}],"version-history":[{"count":0,"href":"https:\/\/www.europesays.com\/fr\/wp-json\/wp\/v2\/posts\/493293\/revisions"}],"wp:featuredmedia":[{"embeddable":true,"href":"https:\/\/www.europesays.com\/fr\/wp-json\/wp\/v2\/media\/493294"}],"wp:attachment":[{"href":"https:\/\/www.europesays.com\/fr\/wp-json\/wp\/v2\/media?parent=493293"}],"wp:term":[{"taxonomy":"category","embeddable":true,"href":"https:\/\/www.europesays.com\/fr\/wp-json\/wp\/v2\/categories?post=493293"},{"taxonomy":"post_tag","embeddable":true,"href":"https:\/\/www.europesays.com\/fr\/wp-json\/wp\/v2\/tags?post=493293"}],"curies":[{"name":"wp","href":"https:\/\/api.w.org\/{rel}","templated":true}]}}