{"id":493297,"date":"2025-10-27T14:19:13","date_gmt":"2025-10-27T14:19:13","guid":{"rendered":"https:\/\/www.europesays.com\/fr\/493297\/"},"modified":"2025-10-27T14:19:13","modified_gmt":"2025-10-27T14:19:13","slug":"strasbourg-les-vulgarisateurs-jean-michel-courty-et-edouard-kierlik-au-congres-national-des-professeurs-de-physique-et-chimie","status":"publish","type":"post","link":"https:\/\/www.europesays.com\/fr\/493297\/","title":{"rendered":"Strasbourg. Les vulgarisateurs Jean-Michel Courty et \u00c9douard Kierlik au congr\u00e8s national des professeurs de physique et chimie"},"content":{"rendered":"<p>Apr\u00e8s Brest, c\u2019est \u00e0 Strasbourg que l\u2019Union nationale des professeurs de physique de chimie s\u2019installe cette ann\u00e9e pour quatre jours de congr\u00e8s national. Conf\u00e9rences, ateliers, visites d\u2019entreprises et de laboratoires seront propos\u00e9s \u00e0 quelque 300 participants, professeurs du coll\u00e8ge aux classes pr\u00e9paratoires aux grandes \u00e9coles scientifiques et \u00e0 l\u2019Universit\u00e9. Au programme riche, vari\u00e9 et forc\u00e9ment tr\u00e8s scientifique de ce rendez-vous\u00a0: les <a href=\"https:\/\/www.dna.fr\/sciences\/2019\/04\/11\/trou-noir-l-invisible-revele-ypgg\" target=\"_blank\" rel=\"nofollow noopener\">trous noirs<\/a> , l\u2019astronomie par la mod\u00e9lisation, la physico-chimie des savons et des mousses et beaucoup, beaucoup d\u2019autres.<\/p>\n<p>  Conf\u00e9rence spectacle \u00ab\u00a0Des bruits et des notes\u00a0\u00bb<\/p>\n<p>Un rendez-vous, ouvert au commun des mortels, aura ce mardi pour titre \u00ab\u00a0Des bruits et des notes\u00a0\u00bb. Il s\u2019agit d\u2019une conf\u00e9rence spectacle de Jean-Michel Courty et \u00c9douard Kierlik. L\u2019un et l\u2019autre officient \u00e0 la Sorbonne et leur duo, qui tient la rubrique \u00ab\u00a0Id\u00e9es de physique\u00a0\u00bb de la revue Pour la science est r\u00e9put\u00e9 pour ses talents de vulgarisation. \u00ab\u00a0Qu\u2019est-ce qu\u2019un bruit\u00a0?\u00a0\u00bb, \u00ab\u00a0qu\u2019entendons-nous vraiment\u00a0?\u00a0\u00bb, \u00ab\u00a0pourquoi des sons nous paraissent harmonieux et d\u2019autres discordants\u00a0?\u00a0\u00bb sont autant de questions auxquels ils r\u00e9pondront \u00e0 l\u2019aide d\u2019instruments de musique, d\u2019objets du quotidien et d\u2019exp\u00e9rience accessible au grand public d\u00e8s 10 ans.<\/p>\n<p class=\"note\">Le 28\u00a0octobre de 18\u00a0h \u00e0 19\u00a0h\u00a030 \u00e0 l\u2019amphi Guy Ourisson de la facult\u00e9 de Chimie de Strasbourg.\u00a0Gratuit sur inscriptions via <a href=\"https:\/\/www.helloasso.com\/associations\/union-des-professeurs-de-physique-et-de-chimie\/evenements\/congres-udppc-strasbourg-2025\" target=\"_blank\" rel=\"noopener\">helloasso.com\/associations\/union-des-professeurs-de-physique-et-de-chimie\/evenements\/congres-udppc-strasbourg-2025<\/a><\/p>\n","protected":false},"excerpt":{"rendered":"Apr\u00e8s Brest, c\u2019est \u00e0 Strasbourg que l\u2019Union nationale des professeurs de physique de chimie s\u2019installe cette ann\u00e9e pour&hellip;\n","protected":false},"author":2,"featured_media":493298,"comment_status":"","ping_status":"","sticky":false,"template":"","format":"standard","meta":{"footnotes":""},"categories":[2820],"tags":[1111,11,2389,6211,1687,2880,1777,674,107,1011,27,775,12,5486,25,767,3140,640,2879],"class_list":{"0":"post-493297","1":"post","2":"type-post","3":"status-publish","4":"format-standard","5":"has-post-thumbnail","7":"category-strasbourg","8":"tag-actu","9":"tag-actualites","10":"tag-alsace","11":"tag-conference","12":"tag-culture-loisirs","13":"tag-edition-strasbourg","14":"tag-eu","15":"tag-europe","16":"tag-fil-info","17":"tag-fr","18":"tag-france","19":"tag-grand-est","20":"tag-news","21":"tag-rencontre","22":"tag-republique-francaise","23":"tag-science-et-technologie","24":"tag-spectacle","25":"tag-strasbourg","26":"tag-strasbourg-ville"},"share_on_mastodon":{"url":"https:\/\/pubeurope.com\/@fr\/115446570385287006","error":""},"_links":{"self":[{"href":"https:\/\/www.europesays.com\/fr\/wp-json\/wp\/v2\/posts\/493297","targetHints":{"allow":["GET"]}}],"collection":[{"href":"https:\/\/www.europesays.com\/fr\/wp-json\/wp\/v2\/posts"}],"about":[{"href":"https:\/\/www.europesays.com\/fr\/wp-json\/wp\/v2\/types\/post"}],"author":[{"embeddable":true,"href":"https:\/\/www.europesays.com\/fr\/wp-json\/wp\/v2\/users\/2"}],"replies":[{"embeddable":true,"href":"https:\/\/www.europesays.com\/fr\/wp-json\/wp\/v2\/comments?post=493297"}],"version-history":[{"count":0,"href":"https:\/\/www.europesays.com\/fr\/wp-json\/wp\/v2\/posts\/493297\/revisions"}],"wp:featuredmedia":[{"embeddable":true,"href":"https:\/\/www.europesays.com\/fr\/wp-json\/wp\/v2\/media\/493298"}],"wp:attachment":[{"href":"https:\/\/www.europesays.com\/fr\/wp-json\/wp\/v2\/media?parent=493297"}],"wp:term":[{"taxonomy":"category","embeddable":true,"href":"https:\/\/www.europesays.com\/fr\/wp-json\/wp\/v2\/categories?post=493297"},{"taxonomy":"post_tag","embeddable":true,"href":"https:\/\/www.europesays.com\/fr\/wp-json\/wp\/v2\/tags?post=493297"}],"curies":[{"name":"wp","href":"https:\/\/api.w.org\/{rel}","templated":true}]}}