{"id":493299,"date":"2025-10-27T14:20:31","date_gmt":"2025-10-27T14:20:31","guid":{"rendered":"https:\/\/www.europesays.com\/fr\/493299\/"},"modified":"2025-10-27T14:20:31","modified_gmt":"2025-10-27T14:20:31","slug":"marseille-un-gros-morceau-pour-strasbourg","status":"publish","type":"post","link":"https:\/\/www.europesays.com\/fr\/493299\/","title":{"rendered":"Marseille, un gros morceau pour Strasbourg"},"content":{"rendered":"<p>Apr\u00e8s leurs dix premi\u00e8res rencontres de championnat, les Proven\u00e7aux, quarts-de-finalistes des play-offs la saison derni\u00e8re, occupent la\u2026 deuxi\u00e8me place de Synerglace Ligue Magnus.<\/p>\n<p>Autant dire que le d\u00e9fi sera colossal pour les hommes de Michal Duras, actuellement 11e en D1.<\/p>\n<p>En huiti\u00e8me de finale, <a href=\"https:\/\/www.dna.fr\/sport\/2025\/10\/22\/l-etoile-noire-se-qualifie-sur-le-gong\" target=\"_blank\" rel=\"nofollow noopener\">les Strasbourgeois avaient renvers\u00e9 dans les derniers instants du match l&rsquo;\u00e9quipe de Neuilly-sur-Marne<\/a>, qui \u00e9volue comme eux en Division 1.<\/p>\n<p>Prochaines \u00e9ch\u00e9ances\u00a0: le d\u00e9placement \u00e0 Valenciennes ce mercredi (19h), puis la r\u00e9ception de Morzine, samedi 19h).<\/p>\n","protected":false},"excerpt":{"rendered":"Apr\u00e8s leurs dix premi\u00e8res rencontres de championnat, les Proven\u00e7aux, quarts-de-finalistes des play-offs la saison derni\u00e8re, occupent la\u2026 deuxi\u00e8me&hellip;\n","protected":false},"author":2,"featured_media":493300,"comment_status":"","ping_status":"","sticky":false,"template":"","format":"standard","meta":{"footnotes":""},"categories":[2820],"tags":[1111,11,2880,1777,674,107,1011,27,775,4133,12,25,517,640,2879],"class_list":{"0":"post-493299","1":"post","2":"type-post","3":"status-publish","4":"format-standard","5":"has-post-thumbnail","7":"category-strasbourg","8":"tag-actu","9":"tag-actualites","10":"tag-edition-strasbourg","11":"tag-eu","12":"tag-europe","13":"tag-fil-info","14":"tag-fr","15":"tag-france","16":"tag-grand-est","17":"tag-hockey-sur-glace","18":"tag-news","19":"tag-republique-francaise","20":"tag-sport","21":"tag-strasbourg","22":"tag-strasbourg-ville"},"share_on_mastodon":{"url":"https:\/\/pubeurope.com\/@fr\/115446574511154793","error":""},"_links":{"self":[{"href":"https:\/\/www.europesays.com\/fr\/wp-json\/wp\/v2\/posts\/493299","targetHints":{"allow":["GET"]}}],"collection":[{"href":"https:\/\/www.europesays.com\/fr\/wp-json\/wp\/v2\/posts"}],"about":[{"href":"https:\/\/www.europesays.com\/fr\/wp-json\/wp\/v2\/types\/post"}],"author":[{"embeddable":true,"href":"https:\/\/www.europesays.com\/fr\/wp-json\/wp\/v2\/users\/2"}],"replies":[{"embeddable":true,"href":"https:\/\/www.europesays.com\/fr\/wp-json\/wp\/v2\/comments?post=493299"}],"version-history":[{"count":0,"href":"https:\/\/www.europesays.com\/fr\/wp-json\/wp\/v2\/posts\/493299\/revisions"}],"wp:featuredmedia":[{"embeddable":true,"href":"https:\/\/www.europesays.com\/fr\/wp-json\/wp\/v2\/media\/493300"}],"wp:attachment":[{"href":"https:\/\/www.europesays.com\/fr\/wp-json\/wp\/v2\/media?parent=493299"}],"wp:term":[{"taxonomy":"category","embeddable":true,"href":"https:\/\/www.europesays.com\/fr\/wp-json\/wp\/v2\/categories?post=493299"},{"taxonomy":"post_tag","embeddable":true,"href":"https:\/\/www.europesays.com\/fr\/wp-json\/wp\/v2\/tags?post=493299"}],"curies":[{"name":"wp","href":"https:\/\/api.w.org\/{rel}","templated":true}]}}