{"id":493303,"date":"2025-10-27T14:22:15","date_gmt":"2025-10-27T14:22:15","guid":{"rendered":"https:\/\/www.europesays.com\/fr\/493303\/"},"modified":"2025-10-27T14:22:15","modified_gmt":"2025-10-27T14:22:15","slug":"pres-de-nice-des-kilometres-de-bouchons-sur-la8-apres-limpressionnant-incendie-dun-camion","status":"publish","type":"post","link":"https:\/\/www.europesays.com\/fr\/493303\/","title":{"rendered":"Pr\u00e8s de Nice. Des kilom\u00e8tres de bouchons sur l&rsquo;A8 apr\u00e8s l&rsquo;impressionnant incendie d&rsquo;un camion"},"content":{"rendered":"<p>            Par<br \/>\n        <strong><br \/>\n            <a href=\"https:\/\/actu.fr\/auteur\/arthur-frand\" title=\"Consulter tous les articles de Arthur Frand\" target=\"_blank\" rel=\"noopener\">Arthur Frand<\/a><br \/>\n        <\/strong><\/p>\n<p>        Publi\u00e9 le<\/p>\n<p>            27 oct. 2025 \u00e0 14h36        <\/p>\n<p>Les automobilistes au ralenti. Ce lundi 25\u00a0octobre, un poids lourd qui <strong>a pris feu<\/strong> sur l\u2019autoroute A8, vers 11h, au niveau du p\u00e9age d\u2019<a href=\"https:\/\/actu.fr\/provence-alpes-cote-d-azur\/antibes_06004\" target=\"_blank\" rel=\"noopener\">Antibes<\/a> dans les <a href=\"https:\/\/actu.fr\/provence-alpes-cote-d-azur\/alpes-maritimes_06\" target=\"_blank\" rel=\"noopener\">Alpes-Maritimes<\/a> dans le sens Aix-Italie. Il transportait des pneus dans une remorque et s\u2019est <strong>embras\u00e9<\/strong>. Une \u00e9paisse fum\u00e9e noire \u00e9tait alors visible \u00e0 des kilom\u00e8tres \u00e0 la ronde.<\/p>\n<p class=\" wall-content\">D\u2019importants moyens ont \u00e9t\u00e9 d\u00e9ploy\u00e9s sur place. Sept engins et 24 sapeurs-pompiers ont \u00e9t\u00e9 mobilis\u00e9s. Le feu <strong>a \u00e9t\u00e9 ma\u00eetris\u00e9<\/strong> avec deux lances, pr\u00e9cise le Sdis des Alpes-Maritimes. Le conducteur du poids lourd est indemne.<\/p>\n<p>Circulation sur une voie<\/p>\n<p class=\" wall-content\">Interrompue pendant plus de deux heures, la circulation <strong>a \u00e9t\u00e9 r\u00e9tablie<\/strong>. Mais elle est toujours tr\u00e8s compliqu\u00e9e. Actuellement, les voitures ne peuvent circuler que <strong>sur une voie<\/strong>.<\/p>\n<p class=\" wall-content\">De fait, d\u2019importants bouchons se sont form\u00e9s. Les automobilistes roulent pare-chocs contre pare-chocs <strong>sur environ 6 kilom\u00e8tres<\/strong> place dans le secteur, en direction de Nice et de l\u2019Italie. Cela devrait durer encore un moment.<\/p>\n<p class=\" wall-content\">Il est conseill\u00e9 de sortir d\u00e8s l\u2019\u00e9changeur n\u00b042 (A8 \/ Mougins) pour \u00e9viter les perturbations.<\/p>\n<p class=\" wall-content\">Personnalisez votre actualit\u00e9 en ajoutant vos villes et m\u00e9dias en favori avec <a href=\"https:\/\/moncompte.actu.fr\" title=\"D\u00e9couvez Mon Actu\" rel=\"nofollow noopener\" data-trk=\"{&quot;cta&quot;:{&quot;action&quot;:&quot;https:\\\/\\\/moncompte.actu.fr&quot;,&quot;category&quot;:&quot;mon compte&quot;,&quot;from&quot;:&quot;article footer&quot;,&quot;name&quot;:&quot;Mon actu&quot;,&quot;type&quot;:&quot;cta&quot;}}\" target=\"_blank\">Mon Actu<\/a>.<\/p>\n","protected":false},"excerpt":{"rendered":"Par Arthur Frand Publi\u00e9 le 27 oct. 2025 \u00e0 14h36 Les automobilistes au ralenti. Ce lundi 25\u00a0octobre, un&hellip;\n","protected":false},"author":2,"featured_media":493304,"comment_status":"","ping_status":"","sticky":false,"template":"","format":"standard","meta":{"footnotes":""},"categories":[2819],"tags":[1111,11,5397,3542,1777,674,1011,27,12,2401,1311,882,25,104],"class_list":{"0":"post-493303","1":"post","2":"type-post","3":"status-publish","4":"format-standard","5":"has-post-thumbnail","7":"category-nice","8":"tag-actu","9":"tag-actualites","10":"tag-autoroute-8-a8","11":"tag-circulation","12":"tag-eu","13":"tag-europe","14":"tag-fr","15":"tag-france","16":"tag-news","17":"tag-nice","18":"tag-pompiers","19":"tag-provence-alpes-cote-dazur","20":"tag-republique-francaise","21":"tag-societe"},"share_on_mastodon":{"url":"https:\/\/pubeurope.com\/@fr\/115446582178227876","error":""},"_links":{"self":[{"href":"https:\/\/www.europesays.com\/fr\/wp-json\/wp\/v2\/posts\/493303","targetHints":{"allow":["GET"]}}],"collection":[{"href":"https:\/\/www.europesays.com\/fr\/wp-json\/wp\/v2\/posts"}],"about":[{"href":"https:\/\/www.europesays.com\/fr\/wp-json\/wp\/v2\/types\/post"}],"author":[{"embeddable":true,"href":"https:\/\/www.europesays.com\/fr\/wp-json\/wp\/v2\/users\/2"}],"replies":[{"embeddable":true,"href":"https:\/\/www.europesays.com\/fr\/wp-json\/wp\/v2\/comments?post=493303"}],"version-history":[{"count":0,"href":"https:\/\/www.europesays.com\/fr\/wp-json\/wp\/v2\/posts\/493303\/revisions"}],"wp:featuredmedia":[{"embeddable":true,"href":"https:\/\/www.europesays.com\/fr\/wp-json\/wp\/v2\/media\/493304"}],"wp:attachment":[{"href":"https:\/\/www.europesays.com\/fr\/wp-json\/wp\/v2\/media?parent=493303"}],"wp:term":[{"taxonomy":"category","embeddable":true,"href":"https:\/\/www.europesays.com\/fr\/wp-json\/wp\/v2\/categories?post=493303"},{"taxonomy":"post_tag","embeddable":true,"href":"https:\/\/www.europesays.com\/fr\/wp-json\/wp\/v2\/tags?post=493303"}],"curies":[{"name":"wp","href":"https:\/\/api.w.org\/{rel}","templated":true}]}}