{"id":493313,"date":"2025-10-27T14:27:13","date_gmt":"2025-10-27T14:27:13","guid":{"rendered":"https:\/\/www.europesays.com\/fr\/493313\/"},"modified":"2025-10-27T14:27:13","modified_gmt":"2025-10-27T14:27:13","slug":"je-decouvre-les-metiers-de-la-logistique-a-toulouse","status":"publish","type":"post","link":"https:\/\/www.europesays.com\/fr\/493313\/","title":{"rendered":"Je d\u00e9couvre les m\u00e9tiers de la logistique \u00e0 Toulouse"},"content":{"rendered":"<p>La Maison de l\u2019Orientation Toulouse-Bellefontaine proposera le jeudi 6\u00a0novembre prochain, de 9h30 \u00e0 11h30, une rencontre d\u00e9di\u00e9e aux m\u00e9tiers de la logistique. L\u2019occasion de mieux conna\u00eetre les postes d\u2019op\u00e9rateurs logistiques (pr\u00e9parateur de commandes, cariste, magasinier), mais aussi les fonctions d\u2019organisation comme gestionnaire de stock ou responsable d\u2019entrep\u00f4t.<\/p>\n<p>Un rendez-vous utile pour celles et ceux qui souhaitent s\u2019informer sur les formations et les d\u00e9bouch\u00e9s d\u2019un secteur qui reste en plein essor.<\/p>\n<p><strong>Maison de l\u2019Orientation Toulouse-Bellefontaine, 57 all\u00e9e de Bellefontaine, \u00e0 Toulouse.<\/strong><\/p>\n","protected":false},"excerpt":{"rendered":"La Maison de l\u2019Orientation Toulouse-Bellefontaine proposera le jeudi 6\u00a0novembre prochain, de 9h30 \u00e0 11h30, une rencontre d\u00e9di\u00e9e aux&hellip;\n","protected":false},"author":2,"featured_media":24040,"comment_status":"","ping_status":"","sticky":false,"template":"","format":"standard","meta":{"footnotes":""},"categories":[2816],"tags":[1111,11,12917,341,1777,674,1011,27,2726,12,2680,25,2312],"class_list":{"0":"post-493313","1":"post","2":"type-post","3":"status-publish","4":"format-standard","5":"has-post-thumbnail","7":"category-toulouse","8":"tag-actu","9":"tag-actualites","10":"tag-conseil-regional-occitanie","11":"tag-emploi","12":"tag-eu","13":"tag-europe","14":"tag-fr","15":"tag-france","16":"tag-logistique","17":"tag-news","18":"tag-occitanie","19":"tag-republique-francaise","20":"tag-toulouse"},"share_on_mastodon":{"url":"https:\/\/pubeurope.com\/@fr\/115446601817300763","error":""},"_links":{"self":[{"href":"https:\/\/www.europesays.com\/fr\/wp-json\/wp\/v2\/posts\/493313","targetHints":{"allow":["GET"]}}],"collection":[{"href":"https:\/\/www.europesays.com\/fr\/wp-json\/wp\/v2\/posts"}],"about":[{"href":"https:\/\/www.europesays.com\/fr\/wp-json\/wp\/v2\/types\/post"}],"author":[{"embeddable":true,"href":"https:\/\/www.europesays.com\/fr\/wp-json\/wp\/v2\/users\/2"}],"replies":[{"embeddable":true,"href":"https:\/\/www.europesays.com\/fr\/wp-json\/wp\/v2\/comments?post=493313"}],"version-history":[{"count":0,"href":"https:\/\/www.europesays.com\/fr\/wp-json\/wp\/v2\/posts\/493313\/revisions"}],"wp:featuredmedia":[{"embeddable":true,"href":"https:\/\/www.europesays.com\/fr\/wp-json\/wp\/v2\/media\/24040"}],"wp:attachment":[{"href":"https:\/\/www.europesays.com\/fr\/wp-json\/wp\/v2\/media?parent=493313"}],"wp:term":[{"taxonomy":"category","embeddable":true,"href":"https:\/\/www.europesays.com\/fr\/wp-json\/wp\/v2\/categories?post=493313"},{"taxonomy":"post_tag","embeddable":true,"href":"https:\/\/www.europesays.com\/fr\/wp-json\/wp\/v2\/tags?post=493313"}],"curies":[{"name":"wp","href":"https:\/\/api.w.org\/{rel}","templated":true}]}}